{"id":519130,"date":"2026-07-31T22:01:48","date_gmt":"2026-08-01T02:01:48","guid":{"rendered":"https:\/\/deultimominuto.net\/en\/uncategorized\/pavel-nunez-promises-a-rollercoaster-of-emotions-with-bipolarband-people-are-going-to-dance-and-then-cry\/"},"modified":"2026-07-31T22:01:48","modified_gmt":"2026-08-01T02:01:48","slug":"pavel-nunez-promises-a-rollercoaster-of-emotions-with-bipolarband-people-are-going-to-dance-and-then-cry","status":"publish","type":"post","link":"https:\/\/deultimominuto.com\/en\/uncategorized\/pavel-nunez-promises-a-rollercoaster-of-emotions-with-bipolarband-people-are-going-to-dance-and-then-cry\/","title":{"rendered":"Pavel N\u00fa\u00f1ez promises a rollercoaster of emotions with BipolarBand: \u201cPeople are going to dance and then cry\u201d"},"content":{"rendered":"\n<p class=\"wp-block-paragraph\"><strong>Santo Domingo.-<\/strong> A few minutes before taking the stage, Dominican singer-songwriter Pavel N\u00fa\u00f1ez assured that BipolarBand will be an experience full of contrasts, where the music will range from the most emotional ballads to merengue and salsa, in a show designed to connect with the audience through emotion and dance.<\/p>\n\n\n\n<p class=\"wp-block-paragraph\">\u201cI have always maintained the discourse that this is a show manufactured for people to dance and then cry, or cry and then dance,\u201d the artist expressed when explaining the concept of the concert, which returns in a more ambitious version after having been nominated for Concert of the Year at the Soberano Awards.<\/p>\n\n\n\n<p class=\"wp-block-paragraph\">N\u00fa\u00f1ez explained that the show brings together audiences with different expectations: those who want to hear his most romantic songs and those who wish to enjoy a more festive repertoire. \u201cThere are divided teams. There are people who came to hear the more heartfelt repertoire, but others come with the expectation of dancing, of not staying in their seats,\u201d he commented.<\/p>\n\n\n\n<p class=\"wp-block-paragraph\">The performer highlighted that the musical journey includes the merengues his uncle popularized on El Show del Mediod\u00eda during the 80s and 90s, fused with his ballads and other rhythms. \u201cIt is a hybrid that people have really taken a liking to,\u201d he stated.<\/p>\n\n\n\n<p class=\"wp-block-paragraph\">Special guests include Jos\u00e9 Alberto \u201cEl Canario\u201d, Maridalia Hern\u00e1ndez, and his son Ariel N\u00fa\u00f1ez, whom he defined as one of the greatest gifts of his life. \u201cI gave myself the gift of having my son not only as a son, but as a colleague for Father&#8217;s Day,\u201d he expressed with pride.<\/p>\n\n\n\n<p class=\"wp-block-paragraph\">The evening will also feature the participation of Cuban singer-songwriters Julio Bar\u00f3, Luis Barber\u00eda, and Said Carbonell, artists with whom he has shared different stages of his career and who will perform songs with special meaning alongside him.<\/p>\n\n\n\n<p class=\"wp-block-paragraph\">We recommend reading:<\/p>\n\n\n\n<p class=\"wp-block-paragraph\">Although he is mainly recognized for his ballads, Pavel confessed that the salsa segment represents one of the biggest challenges of the concert. \u201cEveryone who knows me knows that I am a frustrated salsa singer. So this is the opportunity I have to perform songs that I have always wanted to sing,\u201d he said with a laugh.<\/p>\n\n\n\n<p class=\"wp-block-paragraph\">Regarding the moment he is experiencing in his career, the artist stated that he feels deeply grateful for the public&#8217;s support. \u201cI feel privileged. I have found favor with an audience that has definitely taken me as a spokesperson through song, and I respond to that,\u201d he stated.<\/p>\n\n\n\n<p class=\"wp-block-paragraph\">In addition to the concert, N\u00fa\u00f1ez announced that he will continue promoting his latest record production and announced a new tour with Ariel N\u00fa\u00f1ez, with performances in Boston, Mexico, Guatemala, and Costa Rica, in an intimate two-guitar format. \u201cIt represents a gift from life. Not all parents have the joy of their child taking on the same passion as them,\u201d he expressed.<\/p>\n\n\n\n<p class=\"wp-block-paragraph\">Looking back and thinking about the Pavel of two decades ago, the singer-songwriter assured that he would not change the course of his history. \u201cI would tell him not to change, to keep going, to stumble and get back up so that, as a result, we can be who we are,\u201d he concluded.<\/p>\n","protected":false},"excerpt":{"rendered":"<p>Santo Domingo.- A few minutes before taking the stage, Dominican singer-songwriter Pavel N\u00fa\u00f1ez assured that BipolarBand will be an experience full of contrasts, where the music will range from the most emotional ballads to merengue and salsa, in a show designed to connect with the audience through emotion and dance. \u201cI have always maintained the [&hellip;]<\/p>\n","protected":false},"author":133556,"featured_media":519131,"comment_status":"open","ping_status":"open","sticky":false,"template":"","format":"standard","meta":{"_acf_changed":false,"_jetpack_newsletter_access":"","_jetpack_dont_email_post_to_subs":false,"_jetpack_newsletter_tier_id":0,"_jetpack_memberships_contains_paywalled_content":false,"_jetpack_memberships_contains_paid_content":false,"footnotes":"","_members_access_role":[],"_members_access_error":""},"categories":[1],"tags":[],"class_list":["post-519130","post","type-post","status-publish","format-standard","has-post-thumbnail","category-uncategorized"],"acf":[],"jetpack_sharing_enabled":true,"jetpack_shortlink":"https:\/\/wp.me\/phj1q1-2b34","jetpack_featured_media_url":"https:\/\/deultimominuto.com\/en\/wp-content\/uploads\/sites\/2\/2026\/07\/WhatsApp-Image-2026-07-31-at-9.59.09-PM-1.jpeg","dum_api":{"author_name":"Yerandi Santana","author_image":"https:\/\/deultimominuto.com\/wp-content\/uploads\/2026\/02\/cropped-WhatsApp-Image-2026-02-13-at-5.35.07-PM-96x96.jpeg","categories_name":["Uncategorized"],"featured_media_url":"https:\/\/cdn.deultimominuto.com\/en\/wp-content\/uploads\/sites\/2\/2026\/07\/WhatsApp-Image-2026-07-31-at-9.59.09-PM-1.jpeg"},"_links":{"self":[{"href":"https:\/\/deultimominuto.com\/en\/wp-json\/wp\/v2\/posts\/519130","targetHints":{"allow":["GET"]}}],"collection":[{"href":"https:\/\/deultimominuto.com\/en\/wp-json\/wp\/v2\/posts"}],"about":[{"href":"https:\/\/deultimominuto.com\/en\/wp-json\/wp\/v2\/types\/post"}],"author":[{"embeddable":true,"href":"https:\/\/deultimominuto.com\/en\/wp-json\/wp\/v2\/users\/133556"}],"replies":[{"embeddable":true,"href":"https:\/\/deultimominuto.com\/en\/wp-json\/wp\/v2\/comments?post=519130"}],"version-history":[{"count":0,"href":"https:\/\/deultimominuto.com\/en\/wp-json\/wp\/v2\/posts\/519130\/revisions"}],"wp:featuredmedia":[{"embeddable":true,"href":"https:\/\/deultimominuto.com\/en\/wp-json\/wp\/v2\/media\/519131"}],"wp:attachment":[{"href":"https:\/\/deultimominuto.com\/en\/wp-json\/wp\/v2\/media?parent=519130"}],"wp:term":[{"taxonomy":"category","embeddable":true,"href":"https:\/\/deultimominuto.com\/en\/wp-json\/wp\/v2\/categories?post=519130"},{"taxonomy":"post_tag","embeddable":true,"href":"https:\/\/deultimominuto.com\/en\/wp-json\/wp\/v2\/tags?post=519130"}],"curies":[{"name":"wp","href":"https:\/\/api.w.org\/{rel}","templated":true}]}}