{"id":519271,"date":"2026-08-02T16:44:26","date_gmt":"2026-08-02T20:44:26","guid":{"rendered":"https:\/\/deultimominuto.net\/en\/uncategorized\/they-are-offering-up-to-270000-for-information-on-a-guerrilla-leader-in-colombia\/"},"modified":"2026-08-02T16:44:26","modified_gmt":"2026-08-02T20:44:26","slug":"they-are-offering-up-to-270000-for-information-on-a-guerrilla-leader-in-colombia","status":"publish","type":"post","link":"https:\/\/deultimominuto.com\/en\/international\/they-are-offering-up-to-270000-for-information-on-a-guerrilla-leader-in-colombia\/","title":{"rendered":"They are offering up to $270,000 for information on a guerrilla leader in Colombia"},"content":{"rendered":"\n<h3 class=\"wp-block-heading\">He is identified as responsible for the car bomb attack that left 11 people injured in C\u00facuta on Saturday<\/h3>\n\n\n\n<p class=\"wp-block-paragraph\"><strong>Bogot\u00e1.-<\/strong> <strong>Colombian authorities<\/strong> offered this Sunday up to <strong>800 million pesos (about 270,000 dollars)<\/strong> for information on <strong>alias David,<\/strong> a leader of the <strong>National Liberation Army (ELN) guerrilla<\/strong> group identified as responsible for the <strong>car bomb<\/strong> attack that left 11 people injured on Saturday in C\u00facuta, a city on the border with Venezuela.<\/p>\n\n\n\n<p class=\"wp-block-paragraph\">The <strong>Minister of Defense, Pedro S\u00e1nchez Su\u00e1rez<\/strong>, stated that &#8220;the initial investigations by our Public Force point to alias David and alias Nay or Nike, members of the ELN narcoterrorist cartel, as the alleged individuals responsible for ordering these attacks against the population and the Public Force&#8221;.<\/p>\n\n\n\n<blockquote class=\"wp-block-quote is-layout-flow wp-block-quote-is-layout-flow\">\n<p class=\"wp-block-paragraph\">&#8220;For information leading to their location and capture, we are offering a reward of up to 800 million pesos (about 270,000 dollars) for alias David and up to 150 million pesos for alias Nay or Nike (about 48,000 dollars),&#8221; added S\u00e1nchez Su\u00e1rez on X.<\/p>\n<\/blockquote>\n\n\n\n<figure class=\"wp-block-embed is-type-rich is-provider-x wp-block-embed-x\"><div class=\"wp-block-embed__wrapper\">\n<blockquote class=\"twitter-tweet\" data-width=\"550\" data-dnt=\"true\"><p lang=\"es\" dir=\"ltr\">EL CARTEL NARCOTERRORISTA DEL ELN ATAC\u00d3 A C\u00daCUTA. ESTE CRIMEN NO QUEDAR\u00c1 IMPUNE.<br><br>Los terroristas del ELN que atentaron contra los cucute\u00f1os  pronto caer\u00e1n.<br><br>Las primeras investigaciones de nuestra Fuerza P\u00fablica se\u00f1alan a alias \u2018David\u2019 y alias \u2018Nay\u2019 o \u2018Nike\u2019, integrantes del\u2026 <a href=\"https:\/\/t.co\/HvSd4wfize\">https:\/\/t.co\/HvSd4wfize<\/a> <a href=\"https:\/\/t.co\/rQ9J2g6WoM\">pic.twitter.com\/rQ9J2g6WoM<\/a><\/p>&mdash; Pedro Arnulfo Sanchez S. Orgullosamente Colombiano (@PedroSanchezCol) <a href=\"https:\/\/x.com\/PedroSanchezCol\/status\/2083771003323216225?ref_src=twsrc%5Etfw\">August 2, 2026<\/a><\/blockquote><script async src=\"https:\/\/platform.x.com\/widgets.js\" charset=\"utf-8\"><\/script>\n<\/div><\/figure>\n\n\n\n<p class=\"wp-block-paragraph\"><strong>You might be interested in: <\/strong><a href=\"https:\/\/deultimominuto.com\/internacionales\/investidura-abelardo-espriella\/\" data-type=\"link\" data-id=\"https:\/\/deultimominuto.com\/internacionales\/investidura-abelardo-espriella\/\">Possible investiture of Abelardo de la Espriella at a military battalion sparks controversy in Colombia<\/a><\/p>\n\n\n\n<p class=\"wp-block-paragraph\">The injured are<strong> &#8220;eight police officers and three civilians,&#8221;<\/strong> the Secretary of Citizen Security of Norte de Santander, George Quintero, told EFE regarding this attack carried out early Saturday morning against the police station, located in the Tasajero neighborhood, very close to homes and commercial premises that suffered material damage from the explosion.<\/p>\n\n\n\n<p class=\"wp-block-paragraph\">The area where the <strong>attack took place is near the Cenabastos public market<\/strong>, a point where trucks loaded with produce from the countryside arrive at dawn, and for that reason, the vehicle transporting the explosives did not attract the attention of the authorities.<\/p>\n\n\n\n<p class=\"wp-block-paragraph\">After this detonation, several explosive devices were thrown in the same sector and one of the people who was injured is a woman who was selling coffee at a street stand.<\/p>\n\n\n\n<blockquote class=\"wp-block-quote is-layout-flow wp-block-quote-is-layout-flow\">\n<p class=\"wp-block-paragraph\">&#8220;The Public Force will not rest until they are found and captured so they can answer to justice. There will be no corner of the territory where they can hide. They will have fewer and fewer places to conceal themselves and more citizens willing to collaborate with the authorities,&#8221; added the minister.<\/p>\n<\/blockquote>\n\n\n\n<p class=\"wp-block-paragraph\">For its part, the <strong>UN Office of the High Commissioner for Human Rights in Colombia<\/strong> condemned on X the attack &#8220;which caused injuries to three civilians and 11 police officers, some of whom are in serious condition, and which left material damage to both civilians and the Police, in addition to generating fear and anguish among the population&#8221;.<\/p>\n\n\n\n<p class=\"wp-block-paragraph\">&#8220;We reiterate to non-state armed groups that international humanitarian law and human rights standards prohibit these attacks,&#8221; added this organization.<\/p>\n","protected":false},"excerpt":{"rendered":"<p>He is identified as responsible for the car bomb attack that left 11 people injured in C\u00facuta on Saturday Bogot\u00e1.- Colombian authorities offered this Sunday up to 800 million pesos (about 270,000 dollars) for information on alias David, a leader of the National Liberation Army (ELN) guerrilla group identified as responsible for the car bomb [&hellip;]<\/p>\n","protected":false},"author":3,"featured_media":519274,"comment_status":"open","ping_status":"open","sticky":false,"template":"","format":"standard","meta":{"_acf_changed":false,"_jetpack_newsletter_access":"","_jetpack_dont_email_post_to_subs":false,"_jetpack_newsletter_tier_id":0,"_jetpack_memberships_contains_paywalled_content":false,"_jetpack_memberships_contains_paid_content":false,"footnotes":"","_members_access_role":[],"_members_access_error":""},"categories":[95],"tags":[40754,13631,44182,26377],"class_list":["post-519271","post","type-post","status-publish","format-standard","has-post-thumbnail","category-international","tag-attack","tag-colombia","tag-cover","tag-guerrilla"],"acf":[],"jetpack_sharing_enabled":true,"jetpack_shortlink":"https:\/\/wp.me\/phj1q1-2b5l","jetpack_featured_media_url":"https:\/\/deultimominuto.com\/en\/wp-content\/uploads\/sites\/2\/2026\/08\/Copia-de-Copia-de-Post-de-Instagram-Feliz-Cumpleanos-Sencillo-Minimalista-Azul-1000-x-500-px-2026-08-02T165827.446.jpg","dum_api":{"author_name":"EFE","author_image":"https:\/\/deultimominuto.com\/wp-content\/uploads\/2021\/08\/1200px-EFE_logo.svg-96x96.png","categories_name":["International"],"featured_media_url":"https:\/\/cdn.deultimominuto.com\/en\/wp-content\/uploads\/sites\/2\/2026\/08\/Copia-de-Copia-de-Post-de-Instagram-Feliz-Cumpleanos-Sencillo-Minimalista-Azul-1000-x-500-px-2026-08-02T165827.446.jpg"},"_links":{"self":[{"href":"https:\/\/deultimominuto.com\/en\/wp-json\/wp\/v2\/posts\/519271","targetHints":{"allow":["GET"]}}],"collection":[{"href":"https:\/\/deultimominuto.com\/en\/wp-json\/wp\/v2\/posts"}],"about":[{"href":"https:\/\/deultimominuto.com\/en\/wp-json\/wp\/v2\/types\/post"}],"author":[{"embeddable":true,"href":"https:\/\/deultimominuto.com\/en\/wp-json\/wp\/v2\/users\/3"}],"replies":[{"embeddable":true,"href":"https:\/\/deultimominuto.com\/en\/wp-json\/wp\/v2\/comments?post=519271"}],"version-history":[{"count":0,"href":"https:\/\/deultimominuto.com\/en\/wp-json\/wp\/v2\/posts\/519271\/revisions"}],"wp:featuredmedia":[{"embeddable":true,"href":"https:\/\/deultimominuto.com\/en\/wp-json\/wp\/v2\/media\/519274"}],"wp:attachment":[{"href":"https:\/\/deultimominuto.com\/en\/wp-json\/wp\/v2\/media?parent=519271"}],"wp:term":[{"taxonomy":"category","embeddable":true,"href":"https:\/\/deultimominuto.com\/en\/wp-json\/wp\/v2\/categories?post=519271"},{"taxonomy":"post_tag","embeddable":true,"href":"https:\/\/deultimominuto.com\/en\/wp-json\/wp\/v2\/tags?post=519271"}],"curies":[{"name":"wp","href":"https:\/\/api.w.org\/{rel}","templated":true}]}}