{"id":519618,"date":"2026-08-04T21:24:00","date_gmt":"2026-08-05T01:24:00","guid":{"rendered":"https:\/\/deultimominuto.net\/en\/uncategorized\/carlos-vives-premieres-the-music-video-for-the-song-buscando-el-mar-together-with-juan-luis-guerra\/"},"modified":"2026-08-04T21:25:07","modified_gmt":"2026-08-05T01:25:07","slug":"carlos-vives-premieres-the-music-video-for-the-song-buscando-el-mar-together-with-juan-luis-guerra","status":"publish","type":"post","link":"https:\/\/deultimominuto.com\/en\/uncategorized\/carlos-vives-premieres-the-music-video-for-the-song-buscando-el-mar-together-with-juan-luis-guerra\/","title":{"rendered":"Carlos Vives premieres the music video for the song &#8216;Buscando el mar&#8217; together with Juan Luis Guerra"},"content":{"rendered":"\n<p class=\"wp-block-paragraph\"><strong>Bogot\u00e1<\/strong>.- Colombian singer Carlos Vives presented this Tuesday the official music video for &#8216;<a href=\"https:\/\/www.youtube.com\/watch?v=en6CxyeSDzE&amp;list=RDen6CxyeSDzE&amp;start_radio=1\" data-type=\"link\" data-id=\"https:\/\/www.youtube.com\/watch?v=en6CxyeSDzE&amp;list=RDen6CxyeSDzE&amp;start_radio=1\" target=\"_blank\" rel=\"noopener\">Buscando el mar<\/a>&#8216;, the track he recorded with Dominican artist Juan Luis Guerra, which is part of his latest album &#8216;<strong>El \u00daltimo Disco, Vol. 1<\/strong>&#8216;, a work that pays tribute to the literature of Gabriel Garc\u00eda M\u00e1rquez and the musical roots of the Caribbean.<\/p>\n\n\n\n<p class=\"wp-block-paragraph\">Inspired by the novel &#8216;One Hundred Years of Solitude&#8217;, the song takes as its starting point the search for a way to the sea by Jos\u00e9 Arcadio Buend\u00eda, one of the novel&#8217;s protagonists, a metaphor for freedom that Vives and Guerra translate into a work where Caribbean sounds, pop, and instruments such as accordion, percussion, guitars, and piano converge.<\/p>\n\n\n\n<p class=\"wp-block-paragraph\">The music video narrates the artists&#8217; journey with images of beaches, mangroves, and the coasts of the Colombian Caribbean, celebrating nature, identity, and the connection to the sea.<\/p>\n\n\n\n<h6 class=\"wp-block-heading has-text-align-center\"><strong>You can also read: <a href=\"https:\/\/deultimominuto.com\/entretenimiento\/el-nuevo-disco-de-carlos-vives\/\">The new album by Carlos Vives or Maluma<\/a><\/strong><\/h6>\n\n\n\n<p class=\"wp-block-paragraph\">The release of this video accompanies the success of the album &#8216;El \u00daltimo Disco, Vol. 1&#8217;, which features the single &#8216;Te dedico&#8217;, a track that was included by Billboard magazine among the best songs of 2026 and reached the number one spot on the Latin Airplay and Tropical Airplay charts.<\/p>\n\n\n\n<p class=\"wp-block-paragraph\">Another track from the album, &#8216;Tuyo y nada m\u00e1s&#8217;, also reached number one on the radio in Colombia, Ecuador, the Dominican Republic, and Chile, consolidating the reception of Vives&#8217; recording project.<\/p>\n\n\n\n<p class=\"wp-block-paragraph\">Likewise, the singer confirmed his participation in the charity concert &#8216;A concert for Venezuela&#8217;, scheduled for next August 23rd in Los Angeles and headlined by Gustavo Dudamel together with the city&#8217;s Philharmonic Orchestra, an initiative aimed at raising funds for the Venezuelan communities affected by the recent earthquakes in the oil-rich country. <\/p>\n\n\n\n<figure class=\"wp-block-embed is-type-video is-provider-youtube wp-block-embed-youtube wp-embed-aspect-16-9 wp-has-aspect-ratio\"><div class=\"wp-block-embed__wrapper\">\n<iframe loading=\"lazy\" title=\"Carlos Vives, Juan Luis Guerra 4.40 - Buscando el Mar (Official Video)\" width=\"1240\" height=\"698\" src=\"https:\/\/www.youtube.com\/embed\/en6CxyeSDzE?feature=oembed\" frameborder=\"0\" allow=\"accelerometer; autoplay; clipboard-write; encrypted-media; gyroscope; picture-in-picture; web-share\" referrerpolicy=\"strict-origin-when-cross-origin\" allowfullscreen><\/iframe>\n<\/div><\/figure>\n","protected":false},"excerpt":{"rendered":"<p>Bogot\u00e1.- Colombian singer Carlos Vives presented this Tuesday the official music video for &#8216;Buscando el mar&#8216;, the track he recorded with Dominican artist Juan Luis Guerra, which is part of his latest album &#8216;El \u00daltimo Disco, Vol. 1&#8216;, a work that pays tribute to the literature of Gabriel Garc\u00eda M\u00e1rquez and the musical roots of [&hellip;]<\/p>\n","protected":false},"author":133543,"featured_media":519619,"comment_status":"open","ping_status":"open","sticky":false,"template":"","format":"standard","meta":{"_acf_changed":false,"_jetpack_newsletter_access":"","_jetpack_dont_email_post_to_subs":false,"_jetpack_newsletter_tier_id":0,"_jetpack_memberships_contains_paywalled_content":false,"_jetpack_memberships_contains_paid_content":false,"footnotes":"","_members_access_role":[],"_members_access_error":""},"categories":[1],"tags":[],"class_list":["post-519618","post","type-post","status-publish","format-standard","has-post-thumbnail","category-uncategorized"],"acf":[],"jetpack_sharing_enabled":true,"jetpack_shortlink":"https:\/\/wp.me\/phj1q1-2baW","jetpack_featured_media_url":"https:\/\/deultimominuto.com\/en\/wp-content\/uploads\/sites\/2\/2026\/08\/unnamed-5.jpg","dum_api":{"author_name":"Carolina \u00c1lvarez","author_image":"https:\/\/deultimominuto.com\/wp-content\/uploads\/2026\/05\/cropped-WhatsApp-Image-2026-05-26-at-5.31.57-PM-96x96.jpeg","categories_name":["Uncategorized"],"featured_media_url":"https:\/\/cdn.deultimominuto.com\/en\/wp-content\/uploads\/sites\/2\/2026\/08\/unnamed-5.jpg"},"_links":{"self":[{"href":"https:\/\/deultimominuto.com\/en\/wp-json\/wp\/v2\/posts\/519618","targetHints":{"allow":["GET"]}}],"collection":[{"href":"https:\/\/deultimominuto.com\/en\/wp-json\/wp\/v2\/posts"}],"about":[{"href":"https:\/\/deultimominuto.com\/en\/wp-json\/wp\/v2\/types\/post"}],"author":[{"embeddable":true,"href":"https:\/\/deultimominuto.com\/en\/wp-json\/wp\/v2\/users\/133543"}],"replies":[{"embeddable":true,"href":"https:\/\/deultimominuto.com\/en\/wp-json\/wp\/v2\/comments?post=519618"}],"version-history":[{"count":0,"href":"https:\/\/deultimominuto.com\/en\/wp-json\/wp\/v2\/posts\/519618\/revisions"}],"wp:featuredmedia":[{"embeddable":true,"href":"https:\/\/deultimominuto.com\/en\/wp-json\/wp\/v2\/media\/519619"}],"wp:attachment":[{"href":"https:\/\/deultimominuto.com\/en\/wp-json\/wp\/v2\/media?parent=519618"}],"wp:term":[{"taxonomy":"category","embeddable":true,"href":"https:\/\/deultimominuto.com\/en\/wp-json\/wp\/v2\/categories?post=519618"},{"taxonomy":"post_tag","embeddable":true,"href":"https:\/\/deultimominuto.com\/en\/wp-json\/wp\/v2\/tags?post=519618"}],"curies":[{"name":"wp","href":"https:\/\/api.w.org\/{rel}","templated":true}]}}