{"id":520159,"date":"2026-08-07T21:02:12","date_gmt":"2026-08-08T01:02:12","guid":{"rendered":"https:\/\/deultimominuto.net\/en\/uncategorized\/juan-bolivar-diaz-receives-the-flores-magon-award-in-mexico-for-his-journalistic-career\/"},"modified":"2026-08-07T21:03:16","modified_gmt":"2026-08-08T01:03:16","slug":"juan-bolivar-diaz-receives-the-flores-magon-award-in-mexico-for-his-journalistic-career","status":"publish","type":"post","link":"https:\/\/deultimominuto.com\/en\/uncategorized\/juan-bolivar-diaz-receives-the-flores-magon-award-in-mexico-for-his-journalistic-career\/","title":{"rendered":"Juan Bol\u00edvar D\u00edaz receives the Flores Mag\u00f3n Award in Mexico for his journalistic career"},"content":{"rendered":"\n<p class=\"wp-block-paragraph\"><strong>Mexico.\u2013<\/strong> The Dominican journalist and diplomat Juan Bol\u00edvar D\u00edaz received the Flores Mag\u00f3n Award, a distinction granted in Mexico to prominent figures for their defense of freedom of expression and human rights.<\/p>\n\n\n\n<p class=\"wp-block-paragraph\">D\u00edaz, current ambassador of the Dominican Republic to Mexico, was recognized alongside nine other Mexican personalities during a ceremony held this Wednesday, August 5, at the auditorium of the National Academy of History and Geography of Mexico.<\/p>\n\n\n\n<p class=\"wp-block-paragraph\">The distinction recognizes his five decades of journalistic practice and his trajectory in defense of civil liberties, human rights, and freedom of expression in the Dominican Republic.<\/p>\n\n\n\n<p class=\"wp-block-paragraph\">The Flores Mag\u00f3n Award was established in the year 2000 by the magazine Proyecci\u00f3n Econ\u00f3mica, in coordination with journalist associations, to honor the memory of the Mexican journalist and revolutionary Ricardo Flores Mag\u00f3n, considered one of the precursors of the Mexican Revolution for his opposition, through journalism, to the dictatorship of Porfirio D\u00edaz.<\/p>\n\n\n\n<p class=\"wp-block-paragraph\">The candidacy of Juan Bol\u00edvar D\u00edaz was proposed by the magazine&#8217;s director and president of the Mexican Institute of Sciences and Humanities, Ra\u00fal G\u00f3mez Espinosa, who highlighted the extensive career of the Dominican communicator.<\/p>\n\n\n\n<p class=\"wp-block-paragraph\">During the event, a summary of his career as a journalist, social leader, academic, and diplomat was read. It was also highlighted that D\u00edaz graduated in 1967 from the Carlos Septi\u00e9n Garc\u00eda School of Journalism in Mexico City, an institution founded in 1949 and considered one of the first academies specializing in journalism in the region.<\/p>\n\n\n\n<h6 class=\"wp-block-heading\">You can also read: <a href=\"https:\/\/deultimominuto.com\/estilo\/juan-bolivar-diaz-presenta\/\">Juan Bol\u00edvar D\u00edaz presents his memoirs \u201cCon las riendas tensas\u201d<\/a> <\/h6>\n\n\n\n<p class=\"wp-block-paragraph\">D\u00edaz was the first of the ten awardees to receive the distinction. Among the other honorees were communicators, lawyers, a film director, and social leaders from Mexico City and the states of Oaxaca and Chiapas, for their contributions to the defense of freedom of expression.<\/p>\n\n\n\n<p class=\"wp-block-paragraph\">The Flores Mag\u00f3n Award consists of a bronze statuette and a parchment, and it seeks to preserve the memory of the Mexican journalist, whose work was marked by the defense of freedoms and the criticism of power.<\/p>\n\n\n\n<p class=\"wp-block-paragraph\">The ceremony brought together representatives from professional organizations, academic institutions, media outlets, and entities of Mexican <a href=\"https:\/\/www.youtube.com\/@deultimominutotv\" data-type=\"link\" data-id=\"https:\/\/www.youtube.com\/@deultimominutotv\" target=\"_blank\" rel=\"noopener\">civil <\/a>society.<\/p>\n\n\n\n<p class=\"wp-block-paragraph\">After receiving the recognition, Juan Bol\u00edvar D\u00edaz expressed his gratitude for the distinction and for the recognition from his Mexican colleagues. The ambassador was accompanied by his wife, Ada Wiscovitch.<\/p>\n","protected":false},"excerpt":{"rendered":"<p>Mexico.\u2013 The Dominican journalist and diplomat Juan Bol\u00edvar D\u00edaz received the Flores Mag\u00f3n Award, a distinction granted in Mexico to prominent figures for their defense of freedom of expression and human rights. D\u00edaz, current ambassador of the Dominican Republic to Mexico, was recognized alongside nine other Mexican personalities during a ceremony held this Wednesday, August [&hellip;]<\/p>\n","protected":false},"author":133543,"featured_media":520160,"comment_status":"open","ping_status":"open","sticky":false,"template":"","format":"standard","meta":{"_acf_changed":false,"_jetpack_newsletter_access":"","_jetpack_dont_email_post_to_subs":false,"_jetpack_newsletter_tier_id":0,"_jetpack_memberships_contains_paywalled_content":false,"_jetpack_memberships_contains_paid_content":false,"footnotes":"","_members_access_role":[],"_members_access_error":""},"categories":[1],"tags":[],"class_list":["post-520159","post","type-post","status-publish","format-standard","has-post-thumbnail","category-uncategorized"],"acf":[],"jetpack_sharing_enabled":true,"jetpack_shortlink":"https:\/\/wp.me\/phj1q1-2bjF","jetpack_featured_media_url":"https:\/\/deultimominuto.com\/en\/wp-content\/uploads\/sites\/2\/2026\/08\/embajador-de-rd-en-espana-juan-bolivar-diaz.webp","dum_api":{"author_name":"Carolina \u00c1lvarez","author_image":"https:\/\/deultimominuto.com\/wp-content\/uploads\/2026\/05\/cropped-WhatsApp-Image-2026-05-26-at-5.31.57-PM-96x96.jpeg","categories_name":["Uncategorized"],"featured_media_url":"https:\/\/cdn.deultimominuto.com\/en\/wp-content\/uploads\/sites\/2\/2026\/08\/embajador-de-rd-en-espana-juan-bolivar-diaz.webp"},"_links":{"self":[{"href":"https:\/\/deultimominuto.com\/en\/wp-json\/wp\/v2\/posts\/520159","targetHints":{"allow":["GET"]}}],"collection":[{"href":"https:\/\/deultimominuto.com\/en\/wp-json\/wp\/v2\/posts"}],"about":[{"href":"https:\/\/deultimominuto.com\/en\/wp-json\/wp\/v2\/types\/post"}],"author":[{"embeddable":true,"href":"https:\/\/deultimominuto.com\/en\/wp-json\/wp\/v2\/users\/133543"}],"replies":[{"embeddable":true,"href":"https:\/\/deultimominuto.com\/en\/wp-json\/wp\/v2\/comments?post=520159"}],"version-history":[{"count":0,"href":"https:\/\/deultimominuto.com\/en\/wp-json\/wp\/v2\/posts\/520159\/revisions"}],"wp:featuredmedia":[{"embeddable":true,"href":"https:\/\/deultimominuto.com\/en\/wp-json\/wp\/v2\/media\/520160"}],"wp:attachment":[{"href":"https:\/\/deultimominuto.com\/en\/wp-json\/wp\/v2\/media?parent=520159"}],"wp:term":[{"taxonomy":"category","embeddable":true,"href":"https:\/\/deultimominuto.com\/en\/wp-json\/wp\/v2\/categories?post=520159"},{"taxonomy":"post_tag","embeddable":true,"href":"https:\/\/deultimominuto.com\/en\/wp-json\/wp\/v2\/tags?post=520159"}],"curies":[{"name":"wp","href":"https:\/\/api.w.org\/{rel}","templated":true}]}}