{"id":520227,"date":"2026-08-08T08:26:51","date_gmt":"2026-08-08T12:26:51","guid":{"rendered":"https:\/\/deultimominuto.net\/en\/uncategorized\/machado-celebrates-the-full-freedom-of-a-venezuelan-judge-after-16-tortuous-years-of-injustice\/"},"modified":"2026-08-08T08:26:51","modified_gmt":"2026-08-08T12:26:51","slug":"machado-celebrates-the-full-freedom-of-a-venezuelan-judge-after-16-tortuous-years-of-injustice","status":"publish","type":"post","link":"https:\/\/deultimominuto.com\/en\/uncategorized\/machado-celebrates-the-full-freedom-of-a-venezuelan-judge-after-16-tortuous-years-of-injustice\/","title":{"rendered":"Machado celebrates the full freedom of a Venezuelan judge after 16 \u201ctortuous years of injustice\u201d"},"content":{"rendered":"\n<p class=\"wp-block-paragraph\"><strong>Caracas.- <\/strong>Venezuelan opposition leader and Nobel Peace Prize nominee, <a href=\"https:\/\/deultimominuto.com\/\" data-type=\"page\" data-id=\"674892\">Mar\u00eda Corina Machado<\/a>, celebrated that judge Mar\u00eda Lourdes Afiuni, considered a political prisoner of the late president Hugo Ch\u00e1vez (1999-2013), received full freedom this Friday and that her case was closed definitively &#8220;after 16 long and tortuous years of injustice.&#8221;<\/p>\n\n\n\n<p class=\"wp-block-paragraph\">&#8220;We pray for her recovery and hope she can leave the country as soon as possible to receive immediate care. We continue for the freedom of all, until the end,&#8221; he wrote on the X network.<\/p>\n\n\n\n<p class=\"wp-block-paragraph\">Afiuni is in a clinic after &#8220;presenting symptoms of dizziness, vomiting, and hypertension,&#8221; according to what her family reported on Thursday, and after undergoing tests, three &#8220;tumor lesions located in different parts of her body were detected, which require immediate medical attention in order to avoid irreparable consequences for her health.&#8221;<\/p>\n\n\n\n<h3 class=\"wp-block-heading\" id=\"h-el-caso-de-afiuni\">The Afiuni case<\/h3>\n\n\n\n<p class=\"wp-block-paragraph\">The judge&#8217;s arrest took place in December 2009 after she granted bail to a banker. Ch\u00e1vez requested that she be given the maximum sentence of 30 years in prison for allegedly facilitating the escape of the businessman, who left the country.<\/p>\n\n\n\n<p class=\"wp-block-paragraph\">He was in prison until 2011, when he was moved to house arrest, and in 2013 he was granted parole.<\/p>\n\n\n\n<p class=\"wp-block-paragraph\">In 2019, he received a five-year sentence for &#8220;spiritual corruption,&#8221; meaning the prosecution itself acknowledged that he did not receive any financial benefit.<\/p>\n\n\n\n<p class=\"wp-block-paragraph\">Until today, Afiuni had conditional freedom that included, according to her family, a prohibition on speaking to the press or on social media and voting.<\/p>\n\n\n\n<p class=\"wp-block-paragraph\">She also did not have the right to a passport and was politically disqualified.<\/p>\n\n\n\n<h3 class=\"wp-block-heading\">Reactions from those close to the judge<\/h3>\n\n\n\n<p class=\"wp-block-paragraph\"><br>Her brother Nelson Afiuni and the family&#8217;s legal representative, Thelma Fern\u00e1ndez, stated this Friday in a press release that the closing of the case and the judge&#8217;s freedom represent &#8220;the end of a long and painful chapter marked by serious violations of human rights and due process.&#8221;<\/p>\n\n\n\n<p class=\"wp-block-paragraph\">However, they pointed out that the definitive closure of the file &#8220;does not erase the suffering experienced nor does it, by itself, repair the damages caused.&#8221;<\/p>\n\n\n\n<p class=\"wp-block-paragraph\">They asserted that the case &#8220;remains a warning to the entire region about the consequences of using the justice system as an instrument of retaliation against those who carry out their duties with independence and impartiality.&#8221;<\/p>\n\n\n\n<p class=\"wp-block-paragraph\">We recommend reading: <a href=\"https:\/\/deultimominuto.com\/internacionales\/borrador-aumaria-corina-machado\/\">Mar\u00eda Corina Machado and Edmundo Gonz\u00e1lez hope that the dialogue between Chavismo and an opposition group will lead to elections<\/a><\/p>\n\n\n\n<p class=\"wp-block-paragraph\">This year, <a href=\"https:\/\/efe.com\/mundo\/2026-05-28\/familiares-acuerdos-presos-politicos-venezuela\/\" target=\"_blank\" rel=\"noreferrer noopener\">hundreds of political prisoners<\/a> have been released and thousands of people have had their restrictions on freedom lifted, as part of what the authorities themselves define as the &#8220;new moment&#8221; the country is experiencing following the capture of Nicol\u00e1s Maduro in Caracas by the United States last January.<\/p>\n\n\n\n<p class=\"wp-block-paragraph\">His full freedom also coincides with a negotiation process promoted by the United States to move towards a democratic transition in Venezuela between a representation of the Government of the acting president, Delcy Rodr\u00edguez, and a group from the opposition.<\/p>\n","protected":false},"excerpt":{"rendered":"<p>Caracas.- Venezuelan opposition leader and Nobel Peace Prize nominee, Mar\u00eda Corina Machado, celebrated that judge Mar\u00eda Lourdes Afiuni, considered a political prisoner of the late president Hugo Ch\u00e1vez (1999-2013), received full freedom this Friday and that her case was closed definitively &#8220;after 16 long and tortuous years of injustice.&#8221; &#8220;We pray for her recovery and [&hellip;]<\/p>\n","protected":false},"author":133559,"featured_media":520228,"comment_status":"open","ping_status":"open","sticky":false,"template":"","format":"standard","meta":{"_acf_changed":false,"_jetpack_newsletter_access":"","_jetpack_dont_email_post_to_subs":false,"_jetpack_newsletter_tier_id":0,"_jetpack_memberships_contains_paywalled_content":false,"_jetpack_memberships_contains_paid_content":false,"footnotes":"","_members_access_role":[],"_members_access_error":""},"categories":[1],"tags":[],"class_list":["post-520227","post","type-post","status-publish","format-standard","has-post-thumbnail","category-uncategorized"],"acf":[],"jetpack_sharing_enabled":true,"jetpack_shortlink":"https:\/\/wp.me\/phj1q1-2bkL","jetpack_featured_media_url":"https:\/\/deultimominuto.com\/en\/wp-content\/uploads\/sites\/2\/2026\/08\/machado-celebra-libertad-jueza-venezuela.webp","dum_api":{"author_name":"Preciosa Jimenez","author_image":"https:\/\/deultimominuto.com\/wp-content\/uploads\/2026\/05\/cropped-WhatsApp-Image-2026-05-26-at-5.31.56-PM-96x96.jpeg","categories_name":["Uncategorized"],"featured_media_url":"https:\/\/cdn.deultimominuto.com\/en\/wp-content\/uploads\/sites\/2\/2026\/08\/machado-celebra-libertad-jueza-venezuela.webp"},"_links":{"self":[{"href":"https:\/\/deultimominuto.com\/en\/wp-json\/wp\/v2\/posts\/520227","targetHints":{"allow":["GET"]}}],"collection":[{"href":"https:\/\/deultimominuto.com\/en\/wp-json\/wp\/v2\/posts"}],"about":[{"href":"https:\/\/deultimominuto.com\/en\/wp-json\/wp\/v2\/types\/post"}],"author":[{"embeddable":true,"href":"https:\/\/deultimominuto.com\/en\/wp-json\/wp\/v2\/users\/133559"}],"replies":[{"embeddable":true,"href":"https:\/\/deultimominuto.com\/en\/wp-json\/wp\/v2\/comments?post=520227"}],"version-history":[{"count":0,"href":"https:\/\/deultimominuto.com\/en\/wp-json\/wp\/v2\/posts\/520227\/revisions"}],"wp:featuredmedia":[{"embeddable":true,"href":"https:\/\/deultimominuto.com\/en\/wp-json\/wp\/v2\/media\/520228"}],"wp:attachment":[{"href":"https:\/\/deultimominuto.com\/en\/wp-json\/wp\/v2\/media?parent=520227"}],"wp:term":[{"taxonomy":"category","embeddable":true,"href":"https:\/\/deultimominuto.com\/en\/wp-json\/wp\/v2\/categories?post=520227"},{"taxonomy":"post_tag","embeddable":true,"href":"https:\/\/deultimominuto.com\/en\/wp-json\/wp\/v2\/tags?post=520227"}],"curies":[{"name":"wp","href":"https:\/\/api.w.org\/{rel}","templated":true}]}}