{"id":520674,"date":"2026-08-10T16:57:42","date_gmt":"2026-08-10T20:57:42","guid":{"rendered":"https:\/\/deultimominuto.net\/en\/uncategorized\/petro-calls-on-his-party-to-coordinate-efforts-and-solidarity-following-the-earthquake-in-colombia\/"},"modified":"2026-08-10T16:57:42","modified_gmt":"2026-08-10T20:57:42","slug":"petro-calls-on-his-party-to-coordinate-efforts-and-solidarity-following-the-earthquake-in-colombia","status":"publish","type":"post","link":"https:\/\/deultimominuto.com\/en\/uncategorized\/petro-calls-on-his-party-to-coordinate-efforts-and-solidarity-following-the-earthquake-in-colombia\/","title":{"rendered":"Petro calls on his party to coordinate efforts and solidarity following the earthquake in Colombia"},"content":{"rendered":"\n<p class=\"wp-block-paragraph\"><strong>Bogot\u00e1.- <\/strong>Former Colombian President <a href=\"https:\/\/efe.com\/mundo\/2026-08-10\/petro-terremoto-colombia\/\" data-type=\"link\" data-id=\"https:\/\/efe.com\/mundo\/2026-08-10\/petro-terremoto-colombia\/\" target=\"_blank\" rel=\"noopener\">Gustavo Petro<\/a> asked members of his party, the Historic Pact, and his supporters this Monday to coordinate efforts and activate solidarity with those affected by the 7.4 magnitude earthquake that shook much of the country and has left a partial death toll of 111 people.<\/p>\n\n\n\n<blockquote class=\"wp-block-quote is-layout-flow wp-block-quote-is-layout-flow\">\n<p class=\"wp-block-paragraph\">&#8220;To all members of the Pact, to those who have accompanied and supported us, I call on you to coordinate efforts, activate solidarity, and remain attentive to the affected communities,&#8221; Petro expressed in a message posted on his social media.<\/p>\n<\/blockquote>\n\n\n\n<p class=\"wp-block-paragraph\">The former president expressed his solidarity with the communities of San Jos\u00e9 del Palmar, R\u00edo Ir\u00f3, N\u00f3vita, and Quibd\u00f3, in the Choc\u00f3 department, in the Pacific; and Chaparral, Coello, Payand\u00e9, and Ibagu\u00e9, in the Tolima region (center); as well as those affected in the cities of Pereira, Manizales, Armenia, Cali, and Bogot\u00e1.<\/p>\n\n\n\n<blockquote class=\"wp-block-quote is-layout-flow wp-block-quote-is-layout-flow\">\n<p class=\"wp-block-paragraph\">&#8220;The national government must guarantee an immediate, coordinated, and humane response: search and rescue, medical attention, assisted evacuation, temporary housing, water, food, and support for the affected families,&#8221; Petro pointed out.<\/p>\n<\/blockquote>\n\n\n\n<p class=\"wp-block-paragraph\">In that sense, the former head of state, who last Friday handed over the country&#8217;s presidency to the far-right Abelardo de la Espriella, stressed the need for the state&#8217;s response to reach all affected territories, especially the most vulnerable populations.<\/p>\n\n\n\n<h3 class=\"wp-block-heading\" id=\"h-nadie-puede-quedar-atras\">&#8220;No one can be left behind&#8221;<\/h3>\n\n\n\n<blockquote class=\"wp-block-quote is-layout-flow wp-block-quote-is-layout-flow\">\n<p class=\"wp-block-paragraph\">&#8220;In a national emergency, there can be no forgotten territories or second-class citizens. The State must reach those who need it most first,&#8221; emphasized Petro, who added that &#8220;the full capacity of the State must be put at the service of the people.&#8221;<\/p>\n<\/blockquote>\n\n\n\n<p class=\"wp-block-paragraph\">&#8220;No one can be left behind,&#8221; concluded the progressive leader.<\/p>\n\n\n\n<p class=\"wp-block-paragraph\">The 7.4 magnitude earthquake shook a large part of Colombia this Monday, leaving at least 111 people dead so far and causing serious damage in at least five departments, while relief agencies continue search and rescue efforts, and authorities proceed with damage assessments.<\/p>\n","protected":false},"excerpt":{"rendered":"<p>Bogot\u00e1.- Former Colombian President Gustavo Petro asked members of his party, the Historic Pact, and his supporters this Monday to coordinate efforts and activate solidarity with those affected by the 7.4 magnitude earthquake that shook much of the country and has left a partial death toll of 111 people. &#8220;To all members of the Pact, [&hellip;]<\/p>\n","protected":false},"author":133559,"featured_media":520675,"comment_status":"open","ping_status":"open","sticky":false,"template":"","format":"standard","meta":{"_acf_changed":false,"_jetpack_newsletter_access":"","_jetpack_dont_email_post_to_subs":false,"_jetpack_newsletter_tier_id":0,"_jetpack_memberships_contains_paywalled_content":false,"_jetpack_memberships_contains_paid_content":false,"footnotes":"","_members_access_role":[],"_members_access_error":""},"categories":[1],"tags":[],"class_list":["post-520674","post","type-post","status-publish","format-standard","has-post-thumbnail","category-uncategorized"],"acf":[],"jetpack_sharing_enabled":true,"jetpack_shortlink":"https:\/\/wp.me\/phj1q1-2brY","jetpack_featured_media_url":"https:\/\/deultimominuto.com\/en\/wp-content\/uploads\/sites\/2\/2026\/08\/OBJ_20260810T191348S0015I_1_1_1_43_3_1.webp","dum_api":{"author_name":"Preciosa Jimenez","author_image":"https:\/\/deultimominuto.com\/wp-content\/uploads\/2026\/05\/cropped-WhatsApp-Image-2026-05-26-at-5.31.56-PM-96x96.jpeg","categories_name":["Uncategorized"],"featured_media_url":"https:\/\/cdn.deultimominuto.com\/en\/wp-content\/uploads\/sites\/2\/2026\/08\/OBJ_20260810T191348S0015I_1_1_1_43_3_1.webp"},"_links":{"self":[{"href":"https:\/\/deultimominuto.com\/en\/wp-json\/wp\/v2\/posts\/520674","targetHints":{"allow":["GET"]}}],"collection":[{"href":"https:\/\/deultimominuto.com\/en\/wp-json\/wp\/v2\/posts"}],"about":[{"href":"https:\/\/deultimominuto.com\/en\/wp-json\/wp\/v2\/types\/post"}],"author":[{"embeddable":true,"href":"https:\/\/deultimominuto.com\/en\/wp-json\/wp\/v2\/users\/133559"}],"replies":[{"embeddable":true,"href":"https:\/\/deultimominuto.com\/en\/wp-json\/wp\/v2\/comments?post=520674"}],"version-history":[{"count":0,"href":"https:\/\/deultimominuto.com\/en\/wp-json\/wp\/v2\/posts\/520674\/revisions"}],"wp:featuredmedia":[{"embeddable":true,"href":"https:\/\/deultimominuto.com\/en\/wp-json\/wp\/v2\/media\/520675"}],"wp:attachment":[{"href":"https:\/\/deultimominuto.com\/en\/wp-json\/wp\/v2\/media?parent=520674"}],"wp:term":[{"taxonomy":"category","embeddable":true,"href":"https:\/\/deultimominuto.com\/en\/wp-json\/wp\/v2\/categories?post=520674"},{"taxonomy":"post_tag","embeddable":true,"href":"https:\/\/deultimominuto.com\/en\/wp-json\/wp\/v2\/tags?post=520674"}],"curies":[{"name":"wp","href":"https:\/\/api.w.org\/{rel}","templated":true}]}}