{"id":521029,"date":"2026-08-11T21:34:49","date_gmt":"2026-08-12T01:34:49","guid":{"rendered":"https:\/\/deultimominuto.net\/en\/uncategorized\/rosario-murillo-labels-critics-of-the-fidel-castro-sculpture-in-nicaragua-as-traitors\/"},"modified":"2026-08-11T21:34:49","modified_gmt":"2026-08-12T01:34:49","slug":"rosario-murillo-labels-critics-of-the-fidel-castro-sculpture-in-nicaragua-as-traitors","status":"publish","type":"post","link":"https:\/\/deultimominuto.com\/en\/uncategorized\/rosario-murillo-labels-critics-of-the-fidel-castro-sculpture-in-nicaragua-as-traitors\/","title":{"rendered":"Rosario Murillo labels critics of the Fidel Castro sculpture in Nicaragua as \u201ctraitors\u201d"},"content":{"rendered":"\n<p class=\"wp-block-paragraph\"><strong>San Jos\u00e9.- <\/strong>Nicaragua&#8217;s co-president, <a href=\"https:\/\/efe.com\/mundo\/2026-08-12\/nicaragua-escultura-fidel-castro-gobierno-nicaragua-criticas\/\" data-type=\"link\" data-id=\"https:\/\/efe.com\/mundo\/2026-08-12\/nicaragua-escultura-fidel-castro-gobierno-nicaragua-criticas\/\" target=\"_blank\" rel=\"noopener\">Rosario Murillo<\/a>, lashed out this Tuesday against those who criticize the sculpture that her government will install in honor of the late Cuban president Fidel Castro, on the occasion of the centenary of the birth of the leader of the Cuban Revolution (1926-2016).<\/p>\n\n\n\n<p class=\"wp-block-paragraph\">&#8220;Among those who crawl, the traitors and cowards, the servile and serfs, the packs, for them, as we know, who always show signs of deep darkness, of evils and malignities, there is no possible pride,&#8221; Murillo reproached through official media.<\/p>\n\n\n\n<p class=\"wp-block-paragraph\">&#8220;They only know the ground, which does not mean &#8216;the ground where I was born,&#8217; because they do not know that. They only bite, as our general (Augusto C.) Sandino used to say, the dust of their own cowardice, of their own malignities, which are growing,&#8221; he added.<\/p>\n\n\n\n<p class=\"wp-block-paragraph\">The monument consists of a huge full-body image of the former Cuban president in metal, surrounded by silhouettes of metal and colored trees, 13 meters high.<\/p>\n\n\n\n<p class=\"wp-block-paragraph\">The metal sculpture will be located on the &#8216;From Bol\u00edvar to Ch\u00e1vez&#8217; promenade, on the former Bol\u00edvar Avenue, which runs from north to south through the area known as &#8216;old Managua&#8217;.<\/p>\n\n\n\n<p class=\"wp-block-paragraph\">It will be installed inside an amusement park next to the headquarters of the Ministry of Finance and Public Credit, and in front of the National Assembly (Parliament), as verified by EFE.<\/p>\n\n\n\n<p class=\"wp-block-paragraph\">The monument consists of a huge full-body image of the former Cuban president in metal, surrounded by silhouettes of metal and colored trees, 13 meters high.<\/p>\n\n\n\n<h4 class=\"wp-block-heading\">We recommend reading: <a href=\"https:\/\/deultimominuto.com\/internacionales\/daniel-ortega\/\">Daniel Ortega assures that &#8220;Terrorists and coup plotters&#8221; will have no space in the elections in Nicaragua<\/a><\/h4>\n\n\n\n<p class=\"wp-block-paragraph\">The metal sculpture will be located on the &#8216;From Bol\u00edvar to Ch\u00e1vez&#8217; promenade, on the former Bol\u00edvar Avenue, which runs from north to south through the area known as &#8216;old Managua&#8217;.<\/p>\n\n\n\n<p class=\"wp-block-paragraph\">It will be installed inside an amusement park next to the headquarters of the Ministry of Finance and Public Credit, and in front of the National Assembly (Parliament), as verified by EFE.<\/p>\n\n\n\n<p class=\"wp-block-paragraph\">In 1959, Castro led the communist revolution that placed Cuba at the center of the international stage, especially during the Cold War.<\/p>\n\n\n\n<p class=\"wp-block-paragraph\"><a href=\"https:\/\/efe.com\/mundo\/2026-07-29\/parlamento-nicaragua-propuesta-ampliar-periodo-presidencial\/\" target=\"_blank\" rel=\"noopener\">Nicaragua <\/a>is Cuba&#8217;s main political ally in Central America.<\/p>\n","protected":false},"excerpt":{"rendered":"<p>San Jos\u00e9.- Nicaragua&#8217;s co-president, Rosario Murillo, lashed out this Tuesday against those who criticize the sculpture that her government will install in honor of the late Cuban president Fidel Castro, on the occasion of the centenary of the birth of the leader of the Cuban Revolution (1926-2016). &#8220;Among those who crawl, the traitors and cowards, [&hellip;]<\/p>\n","protected":false},"author":133559,"featured_media":521031,"comment_status":"open","ping_status":"open","sticky":false,"template":"","format":"standard","meta":{"_acf_changed":false,"_jetpack_newsletter_access":"","_jetpack_dont_email_post_to_subs":false,"_jetpack_newsletter_tier_id":0,"_jetpack_memberships_contains_paywalled_content":false,"_jetpack_memberships_contains_paid_content":false,"footnotes":"","_members_access_role":[],"_members_access_error":""},"categories":[1],"tags":[],"class_list":["post-521029","post","type-post","status-publish","format-standard","has-post-thumbnail","category-uncategorized"],"acf":[],"jetpack_sharing_enabled":true,"jetpack_shortlink":"https:\/\/wp.me\/phj1q1-2bxH","jetpack_featured_media_url":"https:\/\/deultimominuto.com\/en\/wp-content\/uploads\/sites\/2\/2026\/08\/Nicaragua_monumento_Fidel_Castro.webp","dum_api":{"author_name":"Preciosa Jimenez","author_image":"https:\/\/deultimominuto.com\/wp-content\/uploads\/2026\/05\/cropped-WhatsApp-Image-2026-05-26-at-5.31.56-PM-96x96.jpeg","categories_name":["Uncategorized"],"featured_media_url":"https:\/\/cdn.deultimominuto.com\/en\/wp-content\/uploads\/sites\/2\/2026\/08\/Nicaragua_monumento_Fidel_Castro.webp"},"_links":{"self":[{"href":"https:\/\/deultimominuto.com\/en\/wp-json\/wp\/v2\/posts\/521029","targetHints":{"allow":["GET"]}}],"collection":[{"href":"https:\/\/deultimominuto.com\/en\/wp-json\/wp\/v2\/posts"}],"about":[{"href":"https:\/\/deultimominuto.com\/en\/wp-json\/wp\/v2\/types\/post"}],"author":[{"embeddable":true,"href":"https:\/\/deultimominuto.com\/en\/wp-json\/wp\/v2\/users\/133559"}],"replies":[{"embeddable":true,"href":"https:\/\/deultimominuto.com\/en\/wp-json\/wp\/v2\/comments?post=521029"}],"version-history":[{"count":0,"href":"https:\/\/deultimominuto.com\/en\/wp-json\/wp\/v2\/posts\/521029\/revisions"}],"wp:featuredmedia":[{"embeddable":true,"href":"https:\/\/deultimominuto.com\/en\/wp-json\/wp\/v2\/media\/521031"}],"wp:attachment":[{"href":"https:\/\/deultimominuto.com\/en\/wp-json\/wp\/v2\/media?parent=521029"}],"wp:term":[{"taxonomy":"category","embeddable":true,"href":"https:\/\/deultimominuto.com\/en\/wp-json\/wp\/v2\/categories?post=521029"},{"taxonomy":"post_tag","embeddable":true,"href":"https:\/\/deultimominuto.com\/en\/wp-json\/wp\/v2\/tags?post=521029"}],"curies":[{"name":"wp","href":"https:\/\/api.w.org\/{rel}","templated":true}]}}