{"id":521234,"date":"2026-08-12T22:32:46","date_gmt":"2026-08-13T02:32:46","guid":{"rendered":"https:\/\/deultimominuto.net\/en\/uncategorized\/the-colombian-ombudsmans-office-warns-about-the-lack-of-a-census-of-victims-of-the-earthquake-in-choco\/"},"modified":"2026-08-12T22:32:46","modified_gmt":"2026-08-13T02:32:46","slug":"the-colombian-ombudsmans-office-warns-about-the-lack-of-a-census-of-victims-of-the-earthquake-in-choco","status":"publish","type":"post","link":"https:\/\/deultimominuto.com\/en\/uncategorized\/the-colombian-ombudsmans-office-warns-about-the-lack-of-a-census-of-victims-of-the-earthquake-in-choco\/","title":{"rendered":"The Colombian Ombudsman&#8217;s Office warns about the lack of a census of victims of the earthquake in Choc\u00f3"},"content":{"rendered":"\n<p class=\"wp-block-paragraph\"><strong>Quibd\u00f3 (Colombia) .- <\/strong>The Ombudsman of Colombia, Iris Mar\u00edn, warned this Wednesday in Quibd\u00f3, one of the cities shaken by Monday&#8217;s 7.4 magnitude earthquake, that the lack of a census prevents establishing the real number of victims and hinders the assistance of thousands of families.<\/p>\n\n\n\n<p class=\"wp-block-paragraph\">During a tour of the affected sectors of Quibd\u00f3, capital of the Choc\u00f3 department, in which EFE was present, Mar\u00edn said that, although local authorities have declared search and rescue efforts concluded, the emergency is now entering a stage in which it is necessary to determine with precision the number of people affected and their needs.<\/p>\n\n\n\n<p class=\"wp-block-paragraph\">\u00abIt is urgent to take the censuses because there is no real estimate of how many people are affected, how many people currently have nowhere to sleep\u00bb, the defender stated to EFE.<\/p>\n\n\n\n<p class=\"wp-block-paragraph\">Quibd\u00f3 authorities have confirmed nine deaths in the city as a result of the earthquake, and there are 13 fatalities in the department, while they continue to assess the damage and register the affected families.<\/p>\n\n\n\n<h3 class=\"wp-block-heading\" id=\"h-las-cifras-dadas-por-el-gobierno-de-colombia\">The figures provided by the Government of Colombia<\/h3>\n\n\n\n<p class=\"wp-block-paragraph\">The national death toll from the earthquake <a href=\"https:\/\/efe.com\/mundo\/2026-08-12\/terremoto-colombia-victimas-cuerpos\/\" target=\"_blank\" rel=\"noreferrer noopener\">rose this Wednesday to 265 <\/a> and the number of injured to 3,494, while 496 people remain missing, reported today the Colombian president, Abelardo de la Espriella, who declared an &#8220;economic emergency&#8221; to face the crisis caused by the earthquake.<\/p>\n\n\n\n<p class=\"wp-block-paragraph\">However, the advocate acknowledged that there is a disparity between the figures handled by the national government and those reported from the regions, a difference that, in her view, can only be resolved with a census.<\/p>\n\n\n\n<p class=\"wp-block-paragraph\"><a href=\"https:\/\/efe.com\/mundo\/2026-08-12\/sismo-colombia-ciudades\/\" target=\"_blank\" rel=\"noreferrer noopener\">The earthquake had its epicenter in the vicinity of the municipality of San Jos\u00e9 del Palmar<\/a>, precisely in the department of Choc\u00f3, according to the Colombian Geological Service.<\/p>\n\n\n\n<h3 class=\"wp-block-heading\" id=\"h-preocupaciones-por-respuesta-sanitaria\">Concerns regarding health response<\/h3>\n\n\n\n<p class=\"wp-block-paragraph\">For Mar\u00edn, one of the main concerns is the responsiveness of the healthcare system because in Quibd\u00f3, for example, the San Francisco de As\u00eds Hospital, the city&#8217;s main one, has an overcrowding rate of 160%.<\/p>\n\n\n\n<p class=\"wp-block-paragraph\">Although it has a power plant, the hospital needs to ensure&nbsp;<a href=\"https:\/\/efe.com\/mundo\/2026-08-12\/san-jose-del-palmar-epicentro-terremoto-colombia-sin-muertos\/\" target=\"_blank\" rel=\"noreferrer noopener\">stable connectivity&nbsp;<\/a>to avoid problems in service provision, in addition to continuous internet access.<\/p>\n\n\n\n<p class=\"wp-block-paragraph\">Regarding the people who were left homeless, the ombudsperson explained that a city coliseum was set up as a shelter, but she considered that its conditions are still precarious to accommodate all the families.<\/p>\n\n\n\n<p class=\"wp-block-paragraph\">The official also drew attention to the suspension of classes and the damage recorded at the Technological University of Choc\u00f3, the department&#8217;s main higher education institution, in addition to requesting the implementation of psychosocial support mechanisms, especially for children and adolescents affected by the earthquake.<\/p>\n\n\n\n<p class=\"wp-block-paragraph\">The Ombudsman&#8217;s Office also requested to verify the situation of 32 indigenous settlements and communities in other municipalities of Choc\u00f3 for which there is still not enough information.<\/p>\n","protected":false},"excerpt":{"rendered":"<p>Quibd\u00f3 (Colombia) .- The Ombudsman of Colombia, Iris Mar\u00edn, warned this Wednesday in Quibd\u00f3, one of the cities shaken by Monday&#8217;s 7.4 magnitude earthquake, that the lack of a census prevents establishing the real number of victims and hinders the assistance of thousands of families. During a tour of the affected sectors of Quibd\u00f3, capital [&hellip;]<\/p>\n","protected":false},"author":133559,"featured_media":521235,"comment_status":"open","ping_status":"open","sticky":false,"template":"","format":"standard","meta":{"_acf_changed":false,"_jetpack_newsletter_access":"","_jetpack_dont_email_post_to_subs":false,"_jetpack_newsletter_tier_id":0,"_jetpack_memberships_contains_paywalled_content":false,"_jetpack_memberships_contains_paid_content":false,"footnotes":"","_members_access_role":[],"_members_access_error":""},"categories":[1],"tags":[],"class_list":["post-521234","post","type-post","status-publish","format-standard","has-post-thumbnail","category-uncategorized"],"acf":[],"jetpack_sharing_enabled":true,"jetpack_shortlink":"https:\/\/wp.me\/phj1q1-2bB0","jetpack_featured_media_url":"https:\/\/deultimominuto.com\/en\/wp-content\/uploads\/sites\/2\/2026\/08\/defensoria-pueblo-colombia-alerta-falta-censo-damnificados-choco-terremoto.webp","dum_api":{"author_name":"Preciosa Jimenez","author_image":"https:\/\/deultimominuto.com\/wp-content\/uploads\/2026\/05\/cropped-WhatsApp-Image-2026-05-26-at-5.31.56-PM-96x96.jpeg","categories_name":["Uncategorized"],"featured_media_url":"https:\/\/cdn.deultimominuto.com\/en\/wp-content\/uploads\/sites\/2\/2026\/08\/defensoria-pueblo-colombia-alerta-falta-censo-damnificados-choco-terremoto.webp"},"_links":{"self":[{"href":"https:\/\/deultimominuto.com\/en\/wp-json\/wp\/v2\/posts\/521234","targetHints":{"allow":["GET"]}}],"collection":[{"href":"https:\/\/deultimominuto.com\/en\/wp-json\/wp\/v2\/posts"}],"about":[{"href":"https:\/\/deultimominuto.com\/en\/wp-json\/wp\/v2\/types\/post"}],"author":[{"embeddable":true,"href":"https:\/\/deultimominuto.com\/en\/wp-json\/wp\/v2\/users\/133559"}],"replies":[{"embeddable":true,"href":"https:\/\/deultimominuto.com\/en\/wp-json\/wp\/v2\/comments?post=521234"}],"version-history":[{"count":0,"href":"https:\/\/deultimominuto.com\/en\/wp-json\/wp\/v2\/posts\/521234\/revisions"}],"wp:featuredmedia":[{"embeddable":true,"href":"https:\/\/deultimominuto.com\/en\/wp-json\/wp\/v2\/media\/521235"}],"wp:attachment":[{"href":"https:\/\/deultimominuto.com\/en\/wp-json\/wp\/v2\/media?parent=521234"}],"wp:term":[{"taxonomy":"category","embeddable":true,"href":"https:\/\/deultimominuto.com\/en\/wp-json\/wp\/v2\/categories?post=521234"},{"taxonomy":"post_tag","embeddable":true,"href":"https:\/\/deultimominuto.com\/en\/wp-json\/wp\/v2\/tags?post=521234"}],"curies":[{"name":"wp","href":"https:\/\/api.w.org\/{rel}","templated":true}]}}