{"id":521710,"date":"2026-08-15T19:38:08","date_gmt":"2026-08-15T23:38:08","guid":{"rendered":"https:\/\/deultimominuto.com\/en\/uncategorized\/lopez-obradors-brother-says-the-cancellation-of-his-sons-visa-is-a-political-attack-by-the-us\/"},"modified":"2026-08-15T19:38:08","modified_gmt":"2026-08-15T23:38:08","slug":"lopez-obradors-brother-says-the-cancellation-of-his-sons-visa-is-a-political-attack-by-the-us","status":"publish","type":"post","link":"https:\/\/deultimominuto.com\/en\/international\/lopez-obradors-brother-says-the-cancellation-of-his-sons-visa-is-a-political-attack-by-the-us\/","title":{"rendered":"L\u00f3pez Obrador&#8217;s brother says the cancellation of his son&#8217;s visa is a political attack by the US"},"content":{"rendered":"\n<p class=\"wp-block-paragraph\"><strong>Mexico City.<\/strong>&#8211; The United States&#8217; decision to cancel the visa of Andr\u00e9s Manuel L\u00f3pez Beltr\u00e1n, son of former <strong>Mexico<\/strong> <strong>President Andr\u00e9s Manuel L\u00f3pez Obrador<\/strong>, is &#8220;a political matter&#8221; with which Donald Trump&#8217;s government seeks to discredit the former president, his brother, Jos\u00e9 Ramiro L\u00f3pez Obrador, declared this Saturday.<\/p>\n\n\n\n<p class=\"wp-block-paragraph\">Jos\u00e9 Ramiro, who serves as the Secretary of Government of the state of Tabasco (southwestern Mexico), told local media that through this action, and without referring to the name of his brother, Andr\u00e9s Manuel (2018-2024), they are attempting to discredit him.<\/p>\n\n\n\n<p class=\"wp-block-paragraph\">&#8220;It&#8217;s not the boy (L\u00f3pez Beltr\u00e1n) they really want, but the older one (L\u00f3pez Obrador). It&#8217;s just that the neighbors (U.S.) are thinking about it. I think it&#8217;s a political matter, it has nothing to do with any other issue,&#8221; stated the 70-year-old official.<\/p>\n\n\n\n<p class=\"wp-block-paragraph\">&#8220;It is the discrediting (with which) they (the U.S.) believe they manage to cause harm, discrediting the citizens who are fighting so that in this country, the people of Mexico fare better,&#8221; he added.<\/p>\n\n\n\n<p class=\"wp-block-paragraph\">He questioned the media on whether they had revoked the visa of any politician from the governments that preceded his brother&#8217;s in the past.<\/p>\n\n\n\n<p class=\"wp-block-paragraph\">&#8220;When did you ever see them revoke a visa from one of the politicians who were supporting neoliberalism? They didn&#8217;t do that, because they were submissive governments that followed, to the letter, what they were ordered to do from the United States; here, there is sovereignty, there is autonomy.&#8221;<\/p>\n\n\n\n<p class=\"wp-block-paragraph\">He said that &#8220;if they want a very good relationship (U.S.), it must take place within the frameworks that the president (Claudia Sheinbaum) has stated: through cooperation and not subordination,&#8221; noted Jos\u00e9 Ramiro L\u00f3pez Obrador, who asserted that he has not seen his nephew or his brother recently.<\/p>\n\n\n\n<p class=\"wp-block-paragraph\">Last Thursday, through a letter addressed to the President of the United States, Donald Trump, Andr\u00e9s Manuel L\u00f3pez Beltr\u00e1n reported that the government of that country revoked his visa to enter its territory.<\/p>\n\n\n\n<p class=\"wp-block-paragraph\">In a letter, dated August 13 in Teapa, Tabasco, L\u00f3pez Beltr\u00e1n asserted that the decision was made by the U.S. Secretary of State, Marco Rubio, and by Undersecretary Christopher Landau.<\/p>\n\n\n\n<p class=\"wp-block-paragraph\">On Friday, President Sheinbaum accused the United States government of engaging in a form of political \u201cinterference\u201d following the cancellation of L\u00f3pez Beltr\u00e1n&#8217;s visa, a decision she attributed to \u201cessentially\u201d political motives.&nbsp;<\/p>\n\n\n\n<p class=\"wp-block-paragraph\"><\/p>\n","protected":false},"excerpt":{"rendered":"<p>Mexico City.&#8211; The United States&#8217; decision to cancel the visa of Andr\u00e9s Manuel L\u00f3pez Beltr\u00e1n, son of former Mexico President Andr\u00e9s Manuel L\u00f3pez Obrador, is &#8220;a political matter&#8221; with which Donald Trump&#8217;s government seeks to discredit the former president, his brother, Jos\u00e9 Ramiro L\u00f3pez Obrador, declared this Saturday. Jos\u00e9 Ramiro, who serves as the Secretary [&hellip;]<\/p>\n","protected":false},"author":3,"featured_media":521711,"comment_status":"open","ping_status":"open","sticky":false,"template":"","format":"standard","meta":{"_acf_changed":false,"_jetpack_newsletter_access":"","_jetpack_dont_email_post_to_subs":false,"_jetpack_newsletter_tier_id":0,"_jetpack_memberships_contains_paywalled_content":false,"_jetpack_memberships_contains_paid_content":false,"footnotes":"","_members_access_role":[],"_members_access_error":""},"categories":[95],"tags":[14409,108,18380],"class_list":["post-521710","post","type-post","status-publish","format-standard","has-post-thumbnail","category-international","tag-lopez-obrador","tag-mexico","tag-visa"],"acf":[],"jetpack_sharing_enabled":true,"jetpack_shortlink":"https:\/\/wp.me\/phj1q1-2bIG","jetpack_featured_media_url":"https:\/\/deultimominuto.com\/en\/wp-content\/uploads\/sites\/2\/2026\/08\/rss-efe55a2d660bd4f41bec6ea63c4bd441a9decd9d1dew.jpg","dum_api":{"author_name":"EFE","author_image":"https:\/\/deultimominuto.com\/wp-content\/uploads\/2021\/08\/1200px-EFE_logo.svg-96x96.png","categories_name":["International"],"featured_media_url":"https:\/\/cdn.deultimominuto.com\/en\/wp-content\/uploads\/sites\/2\/2026\/08\/rss-efe55a2d660bd4f41bec6ea63c4bd441a9decd9d1dew.jpg"},"_links":{"self":[{"href":"https:\/\/deultimominuto.com\/en\/wp-json\/wp\/v2\/posts\/521710","targetHints":{"allow":["GET"]}}],"collection":[{"href":"https:\/\/deultimominuto.com\/en\/wp-json\/wp\/v2\/posts"}],"about":[{"href":"https:\/\/deultimominuto.com\/en\/wp-json\/wp\/v2\/types\/post"}],"author":[{"embeddable":true,"href":"https:\/\/deultimominuto.com\/en\/wp-json\/wp\/v2\/users\/3"}],"replies":[{"embeddable":true,"href":"https:\/\/deultimominuto.com\/en\/wp-json\/wp\/v2\/comments?post=521710"}],"version-history":[{"count":0,"href":"https:\/\/deultimominuto.com\/en\/wp-json\/wp\/v2\/posts\/521710\/revisions"}],"wp:featuredmedia":[{"embeddable":true,"href":"https:\/\/deultimominuto.com\/en\/wp-json\/wp\/v2\/media\/521711"}],"wp:attachment":[{"href":"https:\/\/deultimominuto.com\/en\/wp-json\/wp\/v2\/media?parent=521710"}],"wp:term":[{"taxonomy":"category","embeddable":true,"href":"https:\/\/deultimominuto.com\/en\/wp-json\/wp\/v2\/categories?post=521710"},{"taxonomy":"post_tag","embeddable":true,"href":"https:\/\/deultimominuto.com\/en\/wp-json\/wp\/v2\/tags?post=521710"}],"curies":[{"name":"wp","href":"https:\/\/api.w.org\/{rel}","templated":true}]}}