{"id":522225,"date":"2026-08-22T16:20:38","date_gmt":"2026-08-22T20:20:38","guid":{"rendered":"https:\/\/deultimominuto.com\/en\/uncategorized\/punta-bergantin-inaugurates-welcome-center-and-opens-a-new-chapter-for-the-tourism-transformation-of-puerto-plata\/"},"modified":"2026-08-22T16:21:40","modified_gmt":"2026-08-22T20:21:40","slug":"punta-bergantin-inaugurates-welcome-center-and-opens-a-new-chapter-for-the-tourism-transformation-of-puerto-plata","status":"publish","type":"post","link":"https:\/\/deultimominuto.com\/en\/uncategorized\/punta-bergantin-inaugurates-welcome-center-and-opens-a-new-chapter-for-the-tourism-transformation-of-puerto-plata\/","title":{"rendered":"Punta Bergant\u00edn inaugurates Welcome Center and opens a new chapter for the tourism transformation of Puerto Plata"},"content":{"rendered":"\n<p class=\"wp-block-paragraph\"><strong>Puerto Plata<\/strong>. \u2013 The inauguration of the Punta Bergant\u00edn Welcome Center marks the beginning of the physical infrastructure for the tourism project, conceived to transform the north coast through new investments, infrastructure, and opportunities for its communities, and represents the materialization of a vision aimed at projecting the potential of the so-called New North.<\/p>\n\n\n\n<p class=\"wp-block-paragraph\">During the event, Andr\u00e9s Marranzini Grull\u00f3n, executive director of Punta Bergant\u00edn, assured that, from this moment on, the focus will be on results, through the development of new infrastructure, the permanent incorporation of brands, and visible progress that will reflect the scope of an initiative called to redefine the tourism and economic positioning of Puerto Plata.<\/p>\n\n\n\n<blockquote class=\"wp-block-quote is-layout-flow wp-block-quote-is-layout-flow\">\n<p class=\"wp-block-paragraph\">\u201cThe Welcome Center represents much more than the opening of a physical space; it marks the moment when the vision of Punta Bergant\u00edn begins to become tangible. We are entering an execution phase, in which we will see infrastructure rise, new investments join, and projects advance to generate opportunities and restore to Puerto Plata the prominence it deserves within the country&#8217;s tourism development,\u201d stated Marranzini Grull\u00f3n.<\/p>\n<\/blockquote>\n\n\n\n<p class=\"wp-block-paragraph\">The executive president of Banreservas, Leonardo Aguilera, ratified the financial entity&#8217;s commitment to Punta Bergant\u00edn and guaranteed its support in every project, process, and agreement, just as it has done since its inception. Its backing reaffirms the institutional confidence in a proposal that articulates investment, sustainability, and community development as pillars to drive the region&#8217;s growth.<\/p>\n\n\n\n<h6 class=\"wp-block-heading\">You can also read: <a href=\"https:\/\/deultimominuto.com\/economia\/punta-bergantin-supera-60-ventas\/\">Punta Bergant\u00edn exceeds 60% in sales and accelerates expansion<\/a><\/h6>\n\n\n\n<p class=\"wp-block-paragraph\">For his part, the Minister of the Presidency, Jos\u00e9 Ignacio Paliza, highlighted that Punta Bergant\u00edn and the \u00c1mbar highway constitute fundamental pieces to drive a new stage in the history of Puerto Plata. The convergence of both projects will allow for strengthening the connectivity of the north coast and creating favorable conditions to attract investment, boost economic activity, and create new employment opportunities for the province and the region.<\/p>\n\n\n\n<p class=\"wp-block-paragraph\">The Welcome Center thus becomes the first operational infrastructure of Punta Bergant\u00edn and the gateway to a development that will progressively advance with new tourism, real estate, and service projects. The space will allow investors, partners, visitors, and communities to get closer to the project&#8217;s comprehensive vision, while marking the beginning of a stage characterized by tangible progress in the territory.<\/p>\n\n\n\n<p class=\"wp-block-paragraph\">Punta Bergant\u00edn is projected as a new development hub for the north coast, integrating private investment, infrastructure, hotel and real estate offerings, job creation, and productive linkages. With the start of its first works, the project advances in its purpose of strengthening the competitiveness of Puerto Plata, diversifying its tourism offering, and consolidating the New North as a region with greater opportunities for investment, economic growth, and sustainable development.<\/p>\n","protected":false},"excerpt":{"rendered":"<p>Puerto Plata. \u2013 The inauguration of the Punta Bergant\u00edn Welcome Center marks the beginning of the physical infrastructure for the tourism project, conceived to transform the north coast through new investments, infrastructure, and opportunities for its communities, and represents the materialization of a vision aimed at projecting the potential of the so-called New North. During [&hellip;]<\/p>\n","protected":false},"author":133543,"featured_media":522226,"comment_status":"closed","ping_status":"closed","sticky":false,"template":"","format":"standard","meta":{"_acf_changed":false,"_jetpack_newsletter_access":"","_jetpack_dont_email_post_to_subs":false,"_jetpack_newsletter_tier_id":0,"_jetpack_memberships_contains_paywalled_content":false,"_jetpack_memberships_contains_paid_content":false,"footnotes":"","_members_access_role":[],"_members_access_error":""},"categories":[1],"tags":[],"class_list":["post-522225","post","type-post","status-publish","format-standard","has-post-thumbnail","category-uncategorized"],"acf":[],"jetpack_sharing_enabled":true,"jetpack_shortlink":"https:\/\/wp.me\/phj1q1-2bQZ","jetpack_featured_media_url":"https:\/\/deultimominuto.com\/en\/wp-content\/uploads\/sites\/2\/2026\/08\/Corte-de-cinta-welcome-center.jpg","dum_api":{"author_name":"Carolina \u00c1lvarez","author_image":"https:\/\/deultimominuto.com\/wp-content\/uploads\/2026\/05\/cropped-WhatsApp-Image-2026-05-26-at-5.31.57-PM-96x96.jpeg","categories_name":["Uncategorized"],"featured_media_url":"https:\/\/cdn.deultimominuto.com\/en\/wp-content\/uploads\/sites\/2\/2026\/08\/Corte-de-cinta-welcome-center.jpg"},"_links":{"self":[{"href":"https:\/\/deultimominuto.com\/en\/wp-json\/wp\/v2\/posts\/522225","targetHints":{"allow":["GET"]}}],"collection":[{"href":"https:\/\/deultimominuto.com\/en\/wp-json\/wp\/v2\/posts"}],"about":[{"href":"https:\/\/deultimominuto.com\/en\/wp-json\/wp\/v2\/types\/post"}],"author":[{"embeddable":true,"href":"https:\/\/deultimominuto.com\/en\/wp-json\/wp\/v2\/users\/133543"}],"replies":[{"embeddable":true,"href":"https:\/\/deultimominuto.com\/en\/wp-json\/wp\/v2\/comments?post=522225"}],"version-history":[{"count":0,"href":"https:\/\/deultimominuto.com\/en\/wp-json\/wp\/v2\/posts\/522225\/revisions"}],"wp:featuredmedia":[{"embeddable":true,"href":"https:\/\/deultimominuto.com\/en\/wp-json\/wp\/v2\/media\/522226"}],"wp:attachment":[{"href":"https:\/\/deultimominuto.com\/en\/wp-json\/wp\/v2\/media?parent=522225"}],"wp:term":[{"taxonomy":"category","embeddable":true,"href":"https:\/\/deultimominuto.com\/en\/wp-json\/wp\/v2\/categories?post=522225"},{"taxonomy":"post_tag","embeddable":true,"href":"https:\/\/deultimominuto.com\/en\/wp-json\/wp\/v2\/tags?post=522225"}],"curies":[{"name":"wp","href":"https:\/\/api.w.org\/{rel}","templated":true}]}}