{"id":522227,"date":"2026-08-22T17:57:47","date_gmt":"2026-08-22T21:57:47","guid":{"rendered":"https:\/\/deultimominuto.com\/en\/uncategorized\/vice-mayor-of-los-alcarrizos-joins-the-peoples-force-along-with-more-than-300-people\/"},"modified":"2026-08-22T17:57:47","modified_gmt":"2026-08-22T21:57:47","slug":"vice-mayor-of-los-alcarrizos-joins-the-peoples-force-along-with-more-than-300-people","status":"publish","type":"post","link":"https:\/\/deultimominuto.com\/en\/uncategorized\/vice-mayor-of-los-alcarrizos-joins-the-peoples-force-along-with-more-than-300-people\/","title":{"rendered":"Vice Mayor of Los Alcarrizos joins the People&#8217;s Force along with more than 300 people"},"content":{"rendered":"\n<p class=\"wp-block-paragraph\"><strong>Santo Domingo<\/strong>.\u2013The vice mayor of the Los Alcarrizos municipality, Felicia Santos Fr\u00edas, left the ranks of the Modern Revolutionary Party (PRM) and joined the People&#8217;s Force (FP) along with more than 300 people, including political and community leaders, merchants, professionals, and representatives from various sectors, during an event led by the organization&#8217;s president, Leonel Fern\u00e1ndez.<\/p>\n\n\n\n<p class=\"wp-block-paragraph\">The swearing-in ceremony took place at the Uni\u00f3n y Progreso Sports and Cultural Club (<a href=\"https:\/\/www.youtube.com\/@deultimominutotv\" data-type=\"link\" data-id=\"https:\/\/www.youtube.com\/@deultimominutotv\" target=\"_blank\" rel=\"noopener\">CUP<\/a>), in Los Alcarrizos, as part of the political activities carried out by Fern\u00e1ndez over the weekend in different municipalities of Greater Santo Domingo.<\/p>\n\n\n\n<p class=\"wp-block-paragraph\">Among the people who accompanied Santos Fr\u00edas are political and community leaders, merchants, professionals from different areas, health sector workers, transporters, and micro-entrepreneurs.<\/p>\n\n\n\n<h3 class=\"wp-block-heading\">Felicia Santos explains departure from PRM<\/h3>\n\n\n\n<p class=\"wp-block-paragraph\">When referring to his decision, Santos Fr\u00edas expressed his support for Fern\u00e1ndez&#8217;s leadership and pointed out that his joining the Fuerza del Pueblo responds to his intention to participate in that organization&#8217;s political project.<\/p>\n\n\n\n<p class=\"wp-block-paragraph\">The municipal official maintained that young people, women, and families in Los Alcarrizos are seeking alternatives in the face of the economic difficulties and lack of opportunities that, she claimed, they are currently facing.<\/p>\n\n\n\n<p class=\"wp-block-paragraph\">Santos Fr\u00edas also assured that her departure from the PRM and subsequent entry into the <a href=\"https:\/\/www.youtube.com\/@deultimominutotv\" data-type=\"link\" data-id=\"https:\/\/www.youtube.com\/@deultimominutotv\" target=\"_blank\" rel=\"noopener\">FP <\/a> did not occur individually, because she will continue her political work accompanied by the team that was sworn in during the activity.<\/p>\n\n\n\n<p class=\"wp-block-paragraph\">Also<\/p>\n\n\n\n<blockquote class=\"wp-block-quote is-layout-flow wp-block-quote-is-layout-flow\">\n<p class=\"wp-block-paragraph\">\u201cFrom now on, in Los Alcarrizos, what is being breathed is Leonel Fern\u00e1ndez, because in 2028, they are on their way out!\u201d, he stated to the attendees.<\/p>\n<\/blockquote>\n\n\n\n<h3 class=\"wp-block-heading\">More than 300 people join the People&#8217;s Force<\/h3>\n\n\n\n<p class=\"wp-block-paragraph\">The <strong>deputy mayor of Los Alcarrizos joins the People&#8217;s Force (Fuerza del Pueblo)<\/strong> accompanied by more than 300 new members, according to the information provided during the meeting.<\/p>\n\n\n\n<p class=\"wp-block-paragraph\">Among those sworn in are doctors, nurses, bioanalysts, psychologists, merchants, transporters, micro-entrepreneurs, and community representatives.<\/p>\n\n\n\n<p class=\"wp-block-paragraph\">Also mentioned were Luz Esther de los Santos, David Rodr\u00edguez, Julio Manuel Brito Suero, Dilenia Brito Javier, Abner Gabriel Pineda Brito, Mireya Javier, Bienvenido Guerrero, Robinson Castillo de los Santos, Esdra Karina de los Santos, and Berqueliz Pe\u00f1a Mat\u00edas.<\/p>\n\n\n\n<p class=\"wp-block-paragraph\">Joined by Santa Patricia Rodr\u00edguez, Ramona V\u00e9lez Paredes, Bernardo Cabrera, Mar\u00eda Ang\u00e9lica Tejada, Elizabeth Mej\u00eda Canela, Manuel Alejandro Mej\u00eda Canela, Carmen Lidia S\u00e1nchez Tapia, Leonela Ramos Parra, Edward Tejeda, and Jos\u00e9 Manuel Ram\u00edrez Ger\u00f3nimo, among others.<\/p>\n\n\n\n<h3 class=\"wp-block-heading\">Leonel Fern\u00e1ndez highlights incorporation<\/h3>\n\n\n\n<p class=\"wp-block-paragraph\">During his speech, Fern\u00e1ndez valued the arrival of Santos Fr\u00edas to the organization and maintained that his integration represents both an increase in members and the incorporation of leaders with professional and political experience.<\/p>\n\n\n\n<p class=\"wp-block-paragraph\">The former president of the Republic highlighted that Santos Fr\u00edas holds the vice-mayoralty of a municipality that, as he indicated, has around 350,000 inhabitants.<\/p>\n\n\n\n<p class=\"wp-block-paragraph\">Fern\u00e1ndez also referred to the professional background of the official, who is a medical specialist in Family and Community Medicine.<\/p>\n\n\n\n<p class=\"wp-block-paragraph\">The leader announced that Santos Fr\u00edas will be integrated into the Health Secretariat of the Fuerza del Pueblo, from where she will contribute her knowledge and experience.<\/p>\n\n\n\n<h3 class=\"wp-block-heading\">Fern\u00e1ndez proposes a health model based on prevention<\/h3>\n\n\n\n<p class=\"wp-block-paragraph\">When addressing the health issue, Fern\u00e1ndez explained that a potential Fuerza del Pueblo administration would seek to strengthen disease prevention through primary care.<\/p>\n\n\n\n<p class=\"wp-block-paragraph\">He indicated that the model would contemplate the participation of family doctors and social workers who visit homes to detect conditions such as diabetes and high blood pressure.<\/p>\n\n\n\n<p class=\"wp-block-paragraph\">According to your approach, this mechanism would allow for information on the health conditions of the population to be available and facilitate the supply of medicines and the corresponding care.<\/p>\n\n\n\n<h3 class=\"wp-block-heading\">Fuerza del Pueblo continues swearing-in ceremonies<\/h3>\n\n\n\n<p class=\"wp-block-paragraph\">Following the activity in Los Alcarrizos, Fern\u00e1ndez planned to continue his agenda this Saturday in Pedro Brand, where he would hold a meeting with representatives of productive and social sectors.<\/p>\n\n\n\n<p class=\"wp-block-paragraph\">The schedule includes meetings with merchants, micro-entrepreneurs, transporters, professionals, community organizations, women, and youth, in addition to another swearing-in of new members of the People&#8217;s Force (Fuerza del Pueblo).<\/p>\n\n\n\n<p class=\"wp-block-paragraph\">The activities will continue this Sunday, August 23, in Santo Domingo Este and the National District.<\/p>\n\n\n\n<p class=\"wp-block-paragraph\">In El Almirante, Fern\u00e1ndez is scheduled to visit a micro-entrepreneur and will subsequently lead another induction of members. Later, he will travel to Los Mina to participate in the swearing-in of youth from Constituency 2 and the launch of the Youth for Tomorrow (JOPAMA) movement.<\/p>\n\n\n\n<p class=\"wp-block-paragraph\">The agenda will conclude at the Los Prados Club, in the National District, with another activity to welcome new members.<\/p>\n\n\n\n<p class=\"wp-block-paragraph\">The incorporation of Santos Fr\u00edas takes place within this swearing-in program, through which the opposition organization seeks to expand its structures with a view to the next 2028 electoral process.<\/p>\n","protected":false},"excerpt":{"rendered":"<p>Santo Domingo.\u2013The vice mayor of the Los Alcarrizos municipality, Felicia Santos Fr\u00edas, left the ranks of the Modern Revolutionary Party (PRM) and joined the People&#8217;s Force (FP) along with more than 300 people, including political and community leaders, merchants, professionals, and representatives from various sectors, during an event led by the organization&#8217;s president, Leonel Fern\u00e1ndez. [&hellip;]<\/p>\n","protected":false},"author":133543,"featured_media":522228,"comment_status":"closed","ping_status":"closed","sticky":false,"template":"","format":"standard","meta":{"_acf_changed":false,"_jetpack_newsletter_access":"","_jetpack_dont_email_post_to_subs":false,"_jetpack_newsletter_tier_id":0,"_jetpack_memberships_contains_paywalled_content":false,"_jetpack_memberships_contains_paid_content":false,"footnotes":"","_members_access_role":[],"_members_access_error":""},"categories":[1],"tags":[],"class_list":["post-522227","post","type-post","status-publish","format-standard","has-post-thumbnail","category-uncategorized"],"acf":[],"jetpack_sharing_enabled":true,"jetpack_shortlink":"https:\/\/wp.me\/phj1q1-2bR1","jetpack_featured_media_url":"https:\/\/deultimominuto.com\/en\/wp-content\/uploads\/sites\/2\/2026\/08\/WhatsApp-Image-2026-08-22-at-4.41.34-PM.jpeg","dum_api":{"author_name":"Carolina \u00c1lvarez","author_image":"https:\/\/deultimominuto.com\/wp-content\/uploads\/2026\/05\/cropped-WhatsApp-Image-2026-05-26-at-5.31.57-PM-96x96.jpeg","categories_name":["Uncategorized"],"featured_media_url":"https:\/\/cdn.deultimominuto.com\/en\/wp-content\/uploads\/sites\/2\/2026\/08\/WhatsApp-Image-2026-08-22-at-4.41.34-PM.jpeg"},"_links":{"self":[{"href":"https:\/\/deultimominuto.com\/en\/wp-json\/wp\/v2\/posts\/522227","targetHints":{"allow":["GET"]}}],"collection":[{"href":"https:\/\/deultimominuto.com\/en\/wp-json\/wp\/v2\/posts"}],"about":[{"href":"https:\/\/deultimominuto.com\/en\/wp-json\/wp\/v2\/types\/post"}],"author":[{"embeddable":true,"href":"https:\/\/deultimominuto.com\/en\/wp-json\/wp\/v2\/users\/133543"}],"replies":[{"embeddable":true,"href":"https:\/\/deultimominuto.com\/en\/wp-json\/wp\/v2\/comments?post=522227"}],"version-history":[{"count":0,"href":"https:\/\/deultimominuto.com\/en\/wp-json\/wp\/v2\/posts\/522227\/revisions"}],"wp:featuredmedia":[{"embeddable":true,"href":"https:\/\/deultimominuto.com\/en\/wp-json\/wp\/v2\/media\/522228"}],"wp:attachment":[{"href":"https:\/\/deultimominuto.com\/en\/wp-json\/wp\/v2\/media?parent=522227"}],"wp:term":[{"taxonomy":"category","embeddable":true,"href":"https:\/\/deultimominuto.com\/en\/wp-json\/wp\/v2\/categories?post=522227"},{"taxonomy":"post_tag","embeddable":true,"href":"https:\/\/deultimominuto.com\/en\/wp-json\/wp\/v2\/tags?post=522227"}],"curies":[{"name":"wp","href":"https:\/\/api.w.org\/{rel}","templated":true}]}}