{"id":522668,"date":"2026-08-28T21:35:47","date_gmt":"2026-08-29T01:35:47","guid":{"rendered":"https:\/\/deultimominuto.com\/en\/uncategorized\/de-la-espriella-visits-the-casa-de-narino-the-presidential-seat-of-colombia-for-the-first-time\/"},"modified":"2026-08-28T21:35:47","modified_gmt":"2026-08-29T01:35:47","slug":"de-la-espriella-visits-the-casa-de-narino-the-presidential-seat-of-colombia-for-the-first-time","status":"publish","type":"post","link":"https:\/\/deultimominuto.com\/en\/uncategorized\/de-la-espriella-visits-the-casa-de-narino-the-presidential-seat-of-colombia-for-the-first-time\/","title":{"rendered":"De la Espriella visits the Casa de Nari\u00f1o, the presidential seat of Colombia, for the first time"},"content":{"rendered":"\n<p class=\"wp-block-paragraph\"><strong>Bogot\u00e1<\/strong>.- The president of Colombia, Abelardo de la Espriella, visited the Casa de Nari\u00f1o, the seat of the Executive branch, for the first time this Friday accompanied by his wife, Ana Luc\u00eda Pineda, an indication that he will finally work from that location in downtown Bogot\u00e1, which he initially wanted to turn into a museum.<\/p>\n\n\n\n<blockquote class=\"wp-block-quote is-layout-flow wp-block-quote-is-layout-flow\">\n<p class=\"wp-block-paragraph\">&#8220;Walking through the halls of the Casa de Nari\u00f1o hand in hand with my wife, the first lady, has a profound meaning for me: we are beginning a new stage of our lives together, in the service of Colombia,&#8221; expressed the president on his X account, along with a video in which the presidential couple can be seen walking through the palace&#8217;s halls and rooms.<\/p>\n<\/blockquote>\n\n\n\n<p class=\"wp-block-paragraph\">According to the president, he and his wife arrived at the Casa de Nari\u00f1o &#8220;<strong>with dreams, convictions, and the determination to give their best<\/strong>&#8221; for the country.<\/p>\n\n\n\n<blockquote class=\"wp-block-quote is-layout-flow wp-block-quote-is-layout-flow\">\n<p class=\"wp-block-paragraph\">&#8220;Every step through this House reminds us of the enormous responsibility we have ahead, but also the extraordinary opportunity to build a new beginning for millions of Colombians,&#8221; he added.<\/p>\n<\/blockquote>\n\n\n\n<h6 class=\"wp-block-heading\"><strong>You can also read: <a href=\"https:\/\/deultimominuto.com\/internacionales\/espriella-firma-extradicion-5\/\">De la Espriella signs extradition to the US of 5 former armed group negotiators<\/a><\/strong><\/h6>\n\n\n\n<p class=\"wp-block-paragraph\">The couple&#8217;s tour of the Casa de Nari\u00f1o took place just days after, according to local media, the president reconsidered his decision not to occupy the seat of <a href=\"https:\/\/www.youtube.com\/@deultimominutotv\" data-type=\"link\" data-id=\"https:\/\/www.youtube.com\/@deultimominutotv\" target=\"_blank\" rel=\"noopener\">Government<\/a>.<\/p>\n\n\n\n<p class=\"wp-block-paragraph\">On July 26, before assuming the Presidency, De la Espriella announced that he would not work from the Casa de Nari\u00f1o, which he hoped to turn into a museum, but rather from the San Carlos Palace, where the Ministry of Foreign Affairs operates.<\/p>\n\n\n\n<p class=\"wp-block-paragraph\">The president has emphasized that <strong>his Government will be run from the regions<\/strong> and that day he assured that the Presidency will operate from different cities, with Barranquilla, capital of the Atl\u00e1ntico department, as an alternate headquarters, and to that end, a military facility was conditioned to serve as his presidential office.<\/p>\n\n\n\n<p class=\"wp-block-paragraph\">However, the dynamics of the work, especially after the powerful 7.2 magnitude earthquake that occurred on the third day of his term, forced him to work for several days from Bogot\u00e1, and the San Carlos Palace proved impractical, especially because it lacks the communications and security facilities of the Casa de Nari\u00f1o, which even has a heliport.<\/p>\n\n\n\n<blockquote class=\"wp-block-quote is-layout-flow wp-block-quote-is-layout-flow\">\n<p class=\"wp-block-paragraph\">&#8220;We want a Colombia that believes again, that recovers hope and security, that moves forward with pride and that looks to the future with the certainty that its best days are yet to come,&#8221; the president concluded his message today.&nbsp;<\/p>\n<\/blockquote>\n","protected":false},"excerpt":{"rendered":"<p>Bogot\u00e1.- The president of Colombia, Abelardo de la Espriella, visited the Casa de Nari\u00f1o, the seat of the Executive branch, for the first time this Friday accompanied by his wife, Ana Luc\u00eda Pineda, an indication that he will finally work from that location in downtown Bogot\u00e1, which he initially wanted to turn into a museum. [&hellip;]<\/p>\n","protected":false},"author":133543,"featured_media":522669,"comment_status":"closed","ping_status":"closed","sticky":false,"template":"","format":"standard","meta":{"_acf_changed":false,"_jetpack_newsletter_access":"","_jetpack_dont_email_post_to_subs":false,"_jetpack_newsletter_tier_id":0,"_jetpack_memberships_contains_paywalled_content":false,"_jetpack_memberships_contains_paid_content":false,"footnotes":"","_members_access_role":[],"_members_access_error":""},"categories":[1],"tags":[],"class_list":["post-522668","post","type-post","status-publish","format-standard","has-post-thumbnail","category-uncategorized"],"acf":[],"jetpack_sharing_enabled":true,"jetpack_shortlink":"https:\/\/wp.me\/phj1q1-2bY8","jetpack_featured_media_url":"https:\/\/deultimominuto.com\/en\/wp-content\/uploads\/sites\/2\/2026\/08\/casa-de-narino.webp","dum_api":{"author_name":"Carolina \u00c1lvarez","author_image":"https:\/\/deultimominuto.com\/wp-content\/uploads\/2026\/05\/cropped-WhatsApp-Image-2026-05-26-at-5.31.57-PM-96x96.jpeg","categories_name":["Uncategorized"],"featured_media_url":"https:\/\/cdn.deultimominuto.com\/en\/wp-content\/uploads\/sites\/2\/2026\/08\/casa-de-narino.webp"},"_links":{"self":[{"href":"https:\/\/deultimominuto.com\/en\/wp-json\/wp\/v2\/posts\/522668","targetHints":{"allow":["GET"]}}],"collection":[{"href":"https:\/\/deultimominuto.com\/en\/wp-json\/wp\/v2\/posts"}],"about":[{"href":"https:\/\/deultimominuto.com\/en\/wp-json\/wp\/v2\/types\/post"}],"author":[{"embeddable":true,"href":"https:\/\/deultimominuto.com\/en\/wp-json\/wp\/v2\/users\/133543"}],"replies":[{"embeddable":true,"href":"https:\/\/deultimominuto.com\/en\/wp-json\/wp\/v2\/comments?post=522668"}],"version-history":[{"count":0,"href":"https:\/\/deultimominuto.com\/en\/wp-json\/wp\/v2\/posts\/522668\/revisions"}],"wp:featuredmedia":[{"embeddable":true,"href":"https:\/\/deultimominuto.com\/en\/wp-json\/wp\/v2\/media\/522669"}],"wp:attachment":[{"href":"https:\/\/deultimominuto.com\/en\/wp-json\/wp\/v2\/media?parent=522668"}],"wp:term":[{"taxonomy":"category","embeddable":true,"href":"https:\/\/deultimominuto.com\/en\/wp-json\/wp\/v2\/categories?post=522668"},{"taxonomy":"post_tag","embeddable":true,"href":"https:\/\/deultimominuto.com\/en\/wp-json\/wp\/v2\/tags?post=522668"}],"curies":[{"name":"wp","href":"https:\/\/api.w.org\/{rel}","templated":true}]}}