{"id":522782,"date":"2025-10-30T17:51:05","date_gmt":"2025-10-30T21:51:05","guid":{"rendered":"https:\/\/deultimominuto.com\/en\/uncategorized\/raquel-pena-and-minister-bonilla-deliver-the-dr-jose-joaquin-puello-weightlifting-pavilion-at-the-parque-del-este\/"},"modified":"2025-10-30T17:51:05","modified_gmt":"2025-10-30T21:51:05","slug":"raquel-pena-and-minister-bonilla-deliver-the-dr-jose-joaquin-puello-weightlifting-pavilion-at-the-parque-del-este","status":"publish","type":"post","link":"https:\/\/deultimominuto.com\/en\/dominican-news\/raquel-pena-and-minister-bonilla-deliver-the-dr-jose-joaquin-puello-weightlifting-pavilion-at-the-parque-del-este\/","title":{"rendered":"Raquel Pe\u00f1a and Minister Bonilla deliver the Dr. Jos\u00e9 Joaqu\u00edn Puello Weightlifting Pavilion at the Parque del Este"},"content":{"rendered":"\n<p class=\"wp-block-paragraph\"><em>Officials highlighted that this project is part of the Government&#8217;s commitment to the preparation for the Santo Domingo 2026 Central American and Caribbean Games and to the modernization of national sports.<\/em><\/p>\n\n\n\n<p class=\"wp-block-paragraph\"><strong>Santo Domingo Este, DR.\u2013<\/strong> The Vice President of the Republic, <strong>Raquel Pe\u00f1a<\/strong>, together with the Minister of Housing and Buildings (MIVED), Carlos Bonilla, led this Thursday the delivery of the Dr. Jos\u00e9 Joaqu\u00edn Puello Weightlifting Pavilion, in the Parque del Este, completely renovated and adapted to the highest international standards.<\/p>\n\n\n\n<p class=\"wp-block-paragraph\">The project, which will benefit hundreds of Dominican athletes, is part of the sports infrastructure modernization program being executed by the government of <a href=\"https:\/\/deultimominuto.com\/nacionales\/abinader-pais-avanza\/\"><strong>President Luis Abinader<\/strong><\/a> with a view to the celebration of the XXV Central American and Caribbean Games Santo Domingo 2026, the most important sporting event in the region.<\/p>\n\n\n\n<p class=\"wp-block-paragraph\">During her speech, Vice President Raquel Pe\u00f1a stated that this renovation represents a sign of the Government&#8217;s commitment to the modernization of sports facilities and the creation of dignified spaces for the development of national sports.<\/p>\n\n\n\n<p class=\"wp-block-paragraph\"><strong>YOU CAN ALSO READ: <a href=\"https:\/\/deultimominuto.com\/deportes\/raquel-pena-entrega-varias-instalaciones-deportivas-en-gsd\/\" data-type=\"post\" data-id=\"225589\">Raquel Pe\u00f1a delivers several sports facilities in GSD<\/a><\/strong><\/p>\n\n\n\n<p class=\"wp-block-paragraph\">\u201cEvery sports space we deliver represents an important step in the development of Dominican sports and in the training of our athletes. Under the leadership of President Luis Abinader, we continue to invest in works that strengthen the country&#8217;s talent and sporting identity,\u201d expressed Pe\u00f1a.<\/p>\n\n\n\n<p class=\"wp-block-paragraph\">The vice president recalled that since last year, more than thirty new or renovated sports facilities have been delivered throughout the national territory, and that the program continues to advance with essential works for the Santo Domingo 2026 Central American and Caribbean Games.<\/p>\n\n\n\n<p class=\"wp-block-paragraph\">For his part, Minister Carlos Bonilla highlighted that \u201cthis effort by the <a href=\"https:\/\/x.com\/UltimominutoTW\/status\/1984003851696140569\">Government<\/a> is a clear demonstration of President Abinader&#8217;s vision: to leave a tangible legacy of development, organization, and excellence for Dominican sports. Never before has a sports modernization program of this magnitude been executed.\u201d<\/p>\n\n\n\n<p class=\"wp-block-paragraph\">Likewise, the Minister of Sports, Kelvin Cruz, highlighted \u201cthe great joy I feel seeing how a team of men and women committed to sports has been structured. A team of men and women who are attentive and well-focused, focused on ensuring that these Central American and Caribbean Games turn out well. A team integrated with the best of the best that Dominican sports has had, from the Olympic movement, the Olympic committee, the federations, which are the parent institutions that mark the organization of this great sporting event that we are heading towards in the year 2026\u201d.<\/p>\n\n\n\n<p class=\"wp-block-paragraph\">Likewise, the president of the Organizing Committee for the XXV Central American and Caribbean Games, Jos\u00e9 Monegro, emphasized that \u201cwe must add love to this facility, which has been a sacrifice, a sacrifice extracted from the budget of a country with many situations; therefore, if it has been carried out in this facility, we must love it in order to take care of it and give it proper use\u201d.<\/p>\n\n\n\n<p class=\"wp-block-paragraph\">In that same vein, the president of Centro Caribe Sports, <strong>Luis\u00edn Mej\u00eda<\/strong>, maintained that \u201ca better country is built when the country&#8217;s citizens decide to invest, decide to direct their resources along the best paths, and this path that you and we are on today is one of them. As president of Centro Caribe, we approached the President of the Republic and he gave his approval. He did not only do it with words, but he gave instructions and got to work. Today this is a reality, 267 days away from this great event that awaits us, we are committed to finishing these games well, they will be memorable, they will be the centenary games\u201d.<\/p>\n\n\n\n<p class=\"wp-block-paragraph\">The Dr. Jos\u00e9 Joaqu\u00edn Puello Weightlifting Pavilion has a total area of 3,553.93 square meters remodeled, including 224.22 meters of competition area and 575.13 meters of warm-up zone. It has a capacity for 1,202 spectators, a VIP box, press area, locker rooms, administrative offices, doping control zone, saunas, cafeteria, rest area, and accessible restrooms for people with disabilities.<\/p>\n\n\n\n<p class=\"wp-block-paragraph\">The lighting in the competition area reaches 1,500 lux, complying with international standards, and the project includes new electrical, plumbing, data, and video surveillance systems, as well as landscaping and expansion of the competition platform.<\/p>\n\n\n\n<p class=\"wp-block-paragraph\">With this delivery, the Ministry of Housing and Buildings adds a new project to those already inaugurated in record time, including the F\u00e9lix S\u00e1nchez Olympic Stadium, the Fencing Pavilion, and the Archery Pavilion, reaffirming the Government&#8217;s commitment to delivering modern and functional sports infrastructure for the upcoming Games.<\/p>\n\n\n\n<figure class=\"wp-block-image size-large\"><img decoding=\"async\" src=\"https:\/\/deultimominuto.com\/wp-content\/uploads\/2025\/10\/WhatsApp-Image-2025-10-30-at-5.42.42-PM-1024x683.jpeg\" alt=\"\" class=\"wp-image-559286\" title=\"\"><\/figure>\n\n\n\n<p class=\"wp-block-paragraph\">Accompanying Vice President Pe\u00f1a and Minister Bonilla were the Governor of Santo Domingo, Lucrecia Santana; the Mayor of Santo Domingo East, Dio Astacio; the Vice Minister of Social Development of the Presidency; the President of the Dominican Olympic Committee, Garibaldi Bautista; the former President of the Dominican Olympic Committee, Dr. Jos\u00e9 Joaqu\u00edn Puello; the President of the Dominican Weightlifting Federation, William F\u00e9lix Ozuna; the General Director of Community Development, Modesto Guzm\u00e1n; and Father Rudy Bel\u00e9n Rosario, from the Santa Mar\u00eda de Dios and San Francisco de Sales Parish.<\/p>\n","protected":false},"excerpt":{"rendered":"<p>Officials highlighted that this project is part of the Government&#8217;s commitment to the preparation for the Santo Domingo 2026 Central American and Caribbean Games and to the modernization of national sports. Santo Domingo Este, DR.\u2013 The Vice President of the Republic, Raquel Pe\u00f1a, together with the Minister of Housing and Buildings (MIVED), Carlos Bonilla, led [&hellip;]<\/p>\n","protected":false},"author":4,"featured_media":522783,"comment_status":"closed","ping_status":"closed","sticky":false,"template":"","format":"standard","meta":{"_acf_changed":false,"_jetpack_newsletter_access":"","_jetpack_dont_email_post_to_subs":false,"_jetpack_newsletter_tier_id":0,"_jetpack_memberships_contains_paywalled_content":false,"_jetpack_memberships_contains_paid_content":false,"footnotes":"","_members_access_role":[],"_members_access_error":""},"categories":[40216],"tags":[17130,18167,1830],"class_list":["post-522782","post","type-post","status-publish","format-standard","has-post-thumbnail","category-dominican-news","tag-carlos-bonilla","tag-kelvin-cruz","tag-raquel-pena"],"acf":[],"jetpack_sharing_enabled":true,"jetpack_shortlink":"https:\/\/wp.me\/phj1q1-2bZY","jetpack_featured_media_url":"https:\/\/deultimominuto.com\/en\/wp-content\/uploads\/sites\/2\/2026\/08\/WhatsApp-Image-2025-10-30-at-5.42.41-PM.jpeg","dum_api":{"author_name":"Redacci\u00f3n De \u00daltimo Minuto","author_image":"https:\/\/deultimominuto.com\/wp-content\/uploads\/2025\/02\/cropped-logo-de-ultimo-minuto-96x96.png","categories_name":["Dominican News"],"featured_media_url":"https:\/\/cdn.deultimominuto.com\/en\/wp-content\/uploads\/sites\/2\/2026\/08\/WhatsApp-Image-2025-10-30-at-5.42.41-PM.jpeg"},"_links":{"self":[{"href":"https:\/\/deultimominuto.com\/en\/wp-json\/wp\/v2\/posts\/522782","targetHints":{"allow":["GET"]}}],"collection":[{"href":"https:\/\/deultimominuto.com\/en\/wp-json\/wp\/v2\/posts"}],"about":[{"href":"https:\/\/deultimominuto.com\/en\/wp-json\/wp\/v2\/types\/post"}],"author":[{"embeddable":true,"href":"https:\/\/deultimominuto.com\/en\/wp-json\/wp\/v2\/users\/4"}],"replies":[{"embeddable":true,"href":"https:\/\/deultimominuto.com\/en\/wp-json\/wp\/v2\/comments?post=522782"}],"version-history":[{"count":0,"href":"https:\/\/deultimominuto.com\/en\/wp-json\/wp\/v2\/posts\/522782\/revisions"}],"wp:featuredmedia":[{"embeddable":true,"href":"https:\/\/deultimominuto.com\/en\/wp-json\/wp\/v2\/media\/522783"}],"wp:attachment":[{"href":"https:\/\/deultimominuto.com\/en\/wp-json\/wp\/v2\/media?parent=522782"}],"wp:term":[{"taxonomy":"category","embeddable":true,"href":"https:\/\/deultimominuto.com\/en\/wp-json\/wp\/v2\/categories?post=522782"},{"taxonomy":"post_tag","embeddable":true,"href":"https:\/\/deultimominuto.com\/en\/wp-json\/wp\/v2\/tags?post=522782"}],"curies":[{"name":"wp","href":"https:\/\/api.w.org\/{rel}","templated":true}]}}