{"id":522963,"date":"2026-09-02T10:29:12","date_gmt":"2026-09-02T14:29:12","guid":{"rendered":"https:\/\/deultimominuto.com\/en\/uncategorized\/frank-martinez-demands-aquiles-jimenez-rectify-information-about-his-son\/"},"modified":"2026-09-02T10:29:12","modified_gmt":"2026-09-02T14:29:12","slug":"frank-martinez-demands-aquiles-jimenez-rectify-information-about-his-son","status":"publish","type":"post","link":"https:\/\/deultimominuto.com\/en\/dominican-news\/frank-martinez-demands-aquiles-jimenez-rectify-information-about-his-son\/","title":{"rendered":"Frank Mart\u00ednez demands Aquiles Jim\u00e9nez rectify information about his son"},"content":{"rendered":"\n<p class=\"wp-block-paragraph\"><strong>Santo Domingo.<\/strong> Frank Mart\u00ednez publicly demanded that Aquiles Jim\u00e9nez clarify and deny information in which, he claimed, his son, <a href=\"https:\/\/www.youtube.com\/watch?v=limm6M6Ory4\" data-type=\"link\" data-id=\"https:\/\/www.youtube.com\/watch?v=limm6M6Ory4\" target=\"_blank\" rel=\"noopener\"><strong>Franciquito Mart\u00ednez<\/strong>,<\/a> and his own name were mentioned in relation to an alleged incident.<\/p>\n\n\n\n<p class=\"wp-block-paragraph\">Mart\u00ednez maintained that what was disclosed regarding the case <strong>does not correspond to reality<\/strong> and described the reports in which both he and his son are linked as false.<\/p>\n\n\n\n<h3 class=\"wp-block-heading\">Frank Mart\u00ednez requests a public rectification<\/h3>\n\n\n\n<p class=\"wp-block-paragraph\">Given the situation, Mart\u00ednez requested that Aquiles Jim\u00e9nez make a <strong>public rectification<\/strong> and offer an apology for the mentions that, according to his version, affect his family.<\/p>\n\n\n\n<p class=\"wp-block-paragraph\">The claim comes after information circulated that triggered the reaction of Mart\u00ednez, who decided to publicly state his position on the disclosed content.<\/p>\n\n\n\n<h3 class=\"wp-block-heading\">Warns that they could resort to the corresponding channels<\/h3>\n\n\n\n<p class=\"wp-block-paragraph\">Mart\u00ednez also warned that, if the requested clarification is not provided, his family could resort to the <strong>appropriate channels<\/strong> to defend their position against what they consider to be false information.<\/p>\n\n\n\n<p class=\"wp-block-paragraph\">We recommend reading: <a href=\"https:\/\/deultimominuto.com\/nacionales\/frank-campana-senatorial-romana\/\">Frank Mart\u00ednez breaks his silence and reveals how much money he received for his 2024 senatorial campaign<\/a><\/p>\n\n\n\n<p class=\"wp-block-paragraph\">The leader reiterated that he expects a public rectification of the content and that the situation can be clarified.<\/p>\n\n\n\n<p class=\"wp-block-paragraph\">So far, Mart\u00ednez&#8217;s claim is based on his own version of events and his request that the information be publicly denied.<\/p>\n","protected":false},"excerpt":{"rendered":"<p>Santo Domingo. Frank Mart\u00ednez publicly demanded that Aquiles Jim\u00e9nez clarify and deny information in which, he claimed, his son, Franciquito Mart\u00ednez, and his own name were mentioned in relation to an alleged incident. Mart\u00ednez maintained that what was disclosed regarding the case does not correspond to reality and described the reports in which both he [&hellip;]<\/p>\n","protected":false},"author":4,"featured_media":522964,"comment_status":"closed","ping_status":"closed","sticky":false,"template":"","format":"standard","meta":{"_acf_changed":false,"_jetpack_newsletter_access":"","_jetpack_dont_email_post_to_subs":false,"_jetpack_newsletter_tier_id":0,"_jetpack_memberships_contains_paywalled_content":false,"_jetpack_memberships_contains_paid_content":false,"footnotes":"","_members_access_role":[],"_members_access_error":""},"categories":[40216],"tags":[44796],"class_list":["post-522963","post","type-post","status-publish","format-standard","has-post-thumbnail","category-dominican-news","tag-frank"],"acf":[],"jetpack_sharing_enabled":true,"jetpack_shortlink":"https:\/\/wp.me\/phj1q1-2c2T","jetpack_featured_media_url":"https:\/\/deultimominuto.com\/en\/wp-content\/uploads\/sites\/2\/2026\/09\/images-56.jpg","dum_api":{"author_name":"Redacci\u00f3n De \u00daltimo Minuto","author_image":"https:\/\/deultimominuto.com\/wp-content\/uploads\/2025\/02\/cropped-logo-de-ultimo-minuto-96x96.png","categories_name":["Dominican News"],"featured_media_url":"https:\/\/cdn.deultimominuto.com\/en\/wp-content\/uploads\/sites\/2\/2026\/09\/images-56.jpg"},"_links":{"self":[{"href":"https:\/\/deultimominuto.com\/en\/wp-json\/wp\/v2\/posts\/522963","targetHints":{"allow":["GET"]}}],"collection":[{"href":"https:\/\/deultimominuto.com\/en\/wp-json\/wp\/v2\/posts"}],"about":[{"href":"https:\/\/deultimominuto.com\/en\/wp-json\/wp\/v2\/types\/post"}],"author":[{"embeddable":true,"href":"https:\/\/deultimominuto.com\/en\/wp-json\/wp\/v2\/users\/4"}],"replies":[{"embeddable":true,"href":"https:\/\/deultimominuto.com\/en\/wp-json\/wp\/v2\/comments?post=522963"}],"version-history":[{"count":0,"href":"https:\/\/deultimominuto.com\/en\/wp-json\/wp\/v2\/posts\/522963\/revisions"}],"wp:featuredmedia":[{"embeddable":true,"href":"https:\/\/deultimominuto.com\/en\/wp-json\/wp\/v2\/media\/522964"}],"wp:attachment":[{"href":"https:\/\/deultimominuto.com\/en\/wp-json\/wp\/v2\/media?parent=522963"}],"wp:term":[{"taxonomy":"category","embeddable":true,"href":"https:\/\/deultimominuto.com\/en\/wp-json\/wp\/v2\/categories?post=522963"},{"taxonomy":"post_tag","embeddable":true,"href":"https:\/\/deultimominuto.com\/en\/wp-json\/wp\/v2\/tags?post=522963"}],"curies":[{"name":"wp","href":"https:\/\/api.w.org\/{rel}","templated":true}]}}