{"id":522977,"date":"2026-09-02T17:48:34","date_gmt":"2026-09-02T21:48:34","guid":{"rendered":"https:\/\/deultimominuto.com\/en\/?p=522977"},"modified":"2026-09-02T17:48:39","modified_gmt":"2026-09-02T21:48:39","slug":"thousands-gather-in-madrid-to-support-ceuta-and-demand-pedro-sanchezs-resignation","status":"publish","type":"post","link":"https:\/\/deultimominuto.com\/en\/international\/thousands-gather-in-madrid-to-support-ceuta-and-demand-pedro-sanchezs-resignation\/","title":{"rendered":"Thousands gather in Madrid to support Ceuta and demand Pedro S\u00e1nchez\u2019s resignation"},"content":{"rendered":"\n<p class=\"wp-block-paragraph\">Thousands of people gathered Wednesday in Madrid\u2019s Plaza de Cibeles in support of Ceuta and Spain\u2019s territorial integrity, while protesters also called for the resignation of Prime Minister Pedro S\u00e1nchez.<\/p>\n\n\n\n<p class=\"wp-block-paragraph\">According to Madrid\u2019s Government Delegation, around <strong>50,000 people<\/strong> took part in the demonstration, which was organized by the Spanish Federation of Municipalities and Provinces (FEMP).<\/p>\n\n\n\n<p class=\"wp-block-paragraph\">People attending the rally chanted demands for S\u00e1nchez to step down as they expressed their support for the Spanish autonomous city of Ceuta.<\/p>\n\n\n\n<p class=\"wp-block-paragraph\">Popular Party leader Alberto N\u00fa\u00f1ez Feij\u00f3o and Vox leader Santiago Abascal also joined the demonstration.<\/p>\n\n\n\n<p class=\"wp-block-paragraph\">Madrid Mayor Jos\u00e9 Luis Mart\u00ednez-Almeida read a manifesto defending <strong>Ceuta\u2019s status as Spanish territory<\/strong> and the territorial integrity of Spain.<\/p>\n\n\n\n<p class=\"wp-block-paragraph\">The mobilization was organized by the FEMP as a show of support for Ceuta amid tensions surrounding the autonomous city.<\/p>\n","protected":false},"excerpt":{"rendered":"<p>Thousands of people gathered Wednesday in Madrid\u2019s Plaza de Cibeles in support of Ceuta and Spain\u2019s territorial integrity, while protesters also called for the resignation of Prime Minister Pedro S\u00e1nchez. According to Madrid\u2019s Government Delegation, around 50,000 people took part in the demonstration, which was organized by the Spanish Federation of Municipalities and Provinces (FEMP). [&hellip;]<\/p>\n","protected":false},"author":12,"featured_media":522978,"comment_status":"closed","ping_status":"closed","sticky":false,"template":"","format":"standard","meta":{"_acf_changed":false,"_jetpack_newsletter_access":"","_jetpack_dont_email_post_to_subs":false,"_jetpack_newsletter_tier_id":0,"_jetpack_memberships_contains_paywalled_content":false,"_jetpack_memberships_contains_paid_content":false,"footnotes":"","_members_access_role":[],"_members_access_error":""},"categories":[95],"tags":[611],"class_list":["post-522977","post","type-post","status-publish","format-standard","has-post-thumbnail","category-international","tag-deultimominuto"],"acf":[],"jetpack_sharing_enabled":true,"jetpack_shortlink":"https:\/\/wp.me\/phj1q1-2c37","jetpack_featured_media_url":"https:\/\/deultimominuto.com\/en\/wp-content\/uploads\/sites\/2\/2026\/09\/b83ff3f3-7b80-434e-a00b-30fc86d1a8cc.jpeg","dum_api":{"author_name":"Edith B\u00e1ez","author_image":"https:\/\/deultimominuto.com\/en\/wp-content\/uploads\/sites\/2\/2026\/08\/cropped-WhatsApp-Image-2026-08-11-at-11.09.56-AM-96x96.jpeg","categories_name":["International"],"featured_media_url":"https:\/\/cdn.deultimominuto.com\/en\/wp-content\/uploads\/sites\/2\/2026\/09\/b83ff3f3-7b80-434e-a00b-30fc86d1a8cc.jpeg"},"_links":{"self":[{"href":"https:\/\/deultimominuto.com\/en\/wp-json\/wp\/v2\/posts\/522977","targetHints":{"allow":["GET"]}}],"collection":[{"href":"https:\/\/deultimominuto.com\/en\/wp-json\/wp\/v2\/posts"}],"about":[{"href":"https:\/\/deultimominuto.com\/en\/wp-json\/wp\/v2\/types\/post"}],"author":[{"embeddable":true,"href":"https:\/\/deultimominuto.com\/en\/wp-json\/wp\/v2\/users\/12"}],"replies":[{"embeddable":true,"href":"https:\/\/deultimominuto.com\/en\/wp-json\/wp\/v2\/comments?post=522977"}],"version-history":[{"count":0,"href":"https:\/\/deultimominuto.com\/en\/wp-json\/wp\/v2\/posts\/522977\/revisions"}],"wp:featuredmedia":[{"embeddable":true,"href":"https:\/\/deultimominuto.com\/en\/wp-json\/wp\/v2\/media\/522978"}],"wp:attachment":[{"href":"https:\/\/deultimominuto.com\/en\/wp-json\/wp\/v2\/media?parent=522977"}],"wp:term":[{"taxonomy":"category","embeddable":true,"href":"https:\/\/deultimominuto.com\/en\/wp-json\/wp\/v2\/categories?post=522977"},{"taxonomy":"post_tag","embeddable":true,"href":"https:\/\/deultimominuto.com\/en\/wp-json\/wp\/v2\/tags?post=522977"}],"curies":[{"name":"wp","href":"https:\/\/api.w.org\/{rel}","templated":true}]}}