{"id":523013,"date":"2026-09-03T11:56:35","date_gmt":"2026-09-03T15:56:35","guid":{"rendered":"https:\/\/deultimominuto.com\/en\/uncategorized\/523013\/"},"modified":"2026-09-03T11:56:35","modified_gmt":"2026-09-03T15:56:35","slug":"523013","status":"publish","type":"post","link":"https:\/\/deultimominuto.com\/en\/uncategorized\/523013\/","title":{"rendered":""},"content":{"rendered":"\n<p class=\"wp-block-paragraph\">Fabi\u00e1n R\u00edos asked for empathy for Francisco Bol\u00edvar; &#8220;No one knows the other person&#8217;s battle&#8221;<\/p>\n\n\n\n<p class=\"wp-block-paragraph\"><strong>DUM Editorial<\/strong>.- Colombian actor <strong>Fabi\u00e1n R\u00edos<\/strong> spoke out about the situation of his friend and colleague <strong>Francisco Bol\u00edvar<\/strong>, whose mental health has caused concern among his followers due to some of his recent social media posts.<\/p>\n\n\n\n<p class=\"wp-block-paragraph\">Through Instagram, R\u00edos called for empathy and asked her followers to avoid pointing fingers at the actor, known for playing Jota in Sin senos s\u00ed hay para\u00edso.<\/p>\n\n\n\n<blockquote class=\"wp-block-quote is-layout-flow wp-block-quote-is-layout-flow\">\n<p class=\"wp-block-paragraph\">\u201cToday I am not speaking to you as a brother, nor as an artist, nor as someone who wants to defend anyone. I am speaking to you as a human being,\u201d R\u00edos wrote next to a photograph in which he appears with Bol\u00edvar.<\/p>\n<\/blockquote>\n\n\n\n<p class=\"wp-block-paragraph\">The actor highlighted that his colleague has gifted for years &#8220;<strong>laughter, joy, emotions and moments<\/strong>&#8221; to those who have followed his career and asked that, before judging him, people consider the difficulties he may be going through. &#8220;Because no one knows the battle that another person is fighting on the inside,&#8221; he expressed.<\/p>\n\n\n\n<p class=\"wp-block-paragraph\">R\u00edos also invited his followers to replace criticism with shows of affection and support. \u201cWhat would you do if one day the pain in your soul left you without the strength to get up?\u201d, he questioned, before raising the importance of lending a hand to someone going through a difficult time.<\/p>\n\n\n\n<p class=\"wp-block-paragraph\">The actor asserted that \u201c<strong>we are not God to judge<\/strong>\u201d and reminded that no person is exempt from going through situations of <a href=\"https:\/\/www.youtube.com\/@deultimominutotv\/videos\" data-type=\"link\" data-id=\"https:\/\/www.youtube.com\/@deultimominutotv\/videos\" target=\"_blank\" rel=\"noopener\">vulnerability<\/a>.<\/p>\n\n\n\n<blockquote class=\"wp-block-quote is-layout-flow wp-block-quote-is-layout-flow\">\n<p class=\"wp-block-paragraph\">\u201cThat is why today I ask you, with my heart in my hand: let us not add fuel to the fire. Let us pray. Let us send love. Let us send hugs. Let us remind him that he is not alone,\u201d he stated.<\/p>\n\n\n\n<p class=\"wp-block-paragraph\"><\/p>\n\n\n\n<p class=\"wp-block-paragraph\">You can also read: <\/p>\n<\/blockquote>\n\n\n\n<h3 class=\"wp-block-heading\">Francisco Bol\u00edvar&#8217;s situation<\/h3>\n\n\n\n<p class=\"wp-block-paragraph\">Concern for Bol\u00edvar increased in recent months following some posts made by the actor on Instagram. In May, Colombian journalist <strong>Carlos Ochoa<\/strong> reported that Bol\u00edvar had allegedly had to leave the filming of the new season of <em>Sin senos s\u00ed hay para\u00edso<\/em> due to alleged mental health issues.<\/p>\n\n\n\n<p class=\"wp-block-paragraph\">The Telemundo production is scheduled to premiere the new season in November.<\/p>\n\n\n\n<p class=\"wp-block-paragraph\">R\u00edos had previously requested prayers for his friend and colleague. Now, he has once again used his social media to ask for respect and understanding toward Bol\u00edvar.<\/p>\n\n\n\n<blockquote class=\"wp-block-quote is-layout-flow wp-block-quote-is-layout-flow\">\n<p class=\"wp-block-paragraph\">\u201cPerhaps a message from you, a word of affection, a prayer\u2026 could be the little light someone needs to decide to stay,\u201d he\/she wrote.<\/p>\n<\/blockquote>\n\n\n\n<p class=\"wp-block-paragraph\">Finally, R\u00edos closed his message with an invitation to support those going through difficult times: <strong>\u201cLet us be human. Let us be empathetic. Let us save with love what pain tries to destroy\u201d<\/strong>.<\/p>\n","protected":false},"excerpt":{"rendered":"<p>Fabi\u00e1n R\u00edos asked for empathy for Francisco Bol\u00edvar; &#8220;No one knows the other person&#8217;s battle&#8221; DUM Editorial.- Colombian actor Fabi\u00e1n R\u00edos spoke out about the situation of his friend and colleague Francisco Bol\u00edvar, whose mental health has caused concern among his followers due to some of his recent social media posts. Through Instagram, R\u00edos called [&hellip;]<\/p>\n","protected":false},"author":133543,"featured_media":523015,"comment_status":"closed","ping_status":"closed","sticky":false,"template":"","format":"standard","meta":{"_acf_changed":false,"_jetpack_newsletter_access":"","_jetpack_dont_email_post_to_subs":false,"_jetpack_newsletter_tier_id":0,"_jetpack_memberships_contains_paywalled_content":false,"_jetpack_memberships_contains_paid_content":false,"footnotes":"","_members_access_role":[],"_members_access_error":""},"categories":[1],"tags":[],"class_list":["post-523013","post","type-post","status-publish","format-standard","has-post-thumbnail","category-uncategorized"],"acf":[],"jetpack_sharing_enabled":true,"jetpack_shortlink":"https:\/\/wp.me\/shj1q1-523013","jetpack_featured_media_url":"https:\/\/deultimominuto.com\/en\/wp-content\/uploads\/sites\/2\/2026\/09\/Captura-de-pantalla-2026-09-03-115200.png","dum_api":{"author_name":"Carolina \u00c1lvarez","author_image":"https:\/\/deultimominuto.com\/wp-content\/uploads\/2026\/05\/cropped-WhatsApp-Image-2026-05-26-at-5.31.57-PM-96x96.jpeg","categories_name":["Uncategorized"],"featured_media_url":"https:\/\/cdn.deultimominuto.com\/en\/wp-content\/uploads\/sites\/2\/2026\/09\/Captura-de-pantalla-2026-09-03-115200.png"},"_links":{"self":[{"href":"https:\/\/deultimominuto.com\/en\/wp-json\/wp\/v2\/posts\/523013","targetHints":{"allow":["GET"]}}],"collection":[{"href":"https:\/\/deultimominuto.com\/en\/wp-json\/wp\/v2\/posts"}],"about":[{"href":"https:\/\/deultimominuto.com\/en\/wp-json\/wp\/v2\/types\/post"}],"author":[{"embeddable":true,"href":"https:\/\/deultimominuto.com\/en\/wp-json\/wp\/v2\/users\/133543"}],"replies":[{"embeddable":true,"href":"https:\/\/deultimominuto.com\/en\/wp-json\/wp\/v2\/comments?post=523013"}],"version-history":[{"count":0,"href":"https:\/\/deultimominuto.com\/en\/wp-json\/wp\/v2\/posts\/523013\/revisions"}],"wp:featuredmedia":[{"embeddable":true,"href":"https:\/\/deultimominuto.com\/en\/wp-json\/wp\/v2\/media\/523015"}],"wp:attachment":[{"href":"https:\/\/deultimominuto.com\/en\/wp-json\/wp\/v2\/media?parent=523013"}],"wp:term":[{"taxonomy":"category","embeddable":true,"href":"https:\/\/deultimominuto.com\/en\/wp-json\/wp\/v2\/categories?post=523013"},{"taxonomy":"post_tag","embeddable":true,"href":"https:\/\/deultimominuto.com\/en\/wp-json\/wp\/v2\/tags?post=523013"}],"curies":[{"name":"wp","href":"https:\/\/api.w.org\/{rel}","templated":true}]}}